{"id":92,"date":"2018-12-07T23:49:53","date_gmt":"2018-12-07T23:49:53","guid":{"rendered":"https:\/\/testudearroba.udea.edu.co\/siciudadania2\/index.php\/2018\/12\/07\/desde-la-secretaria-de-participacion-ciudadana-se-construye-paz\/"},"modified":"2018-12-07T23:49:53","modified_gmt":"2018-12-07T23:49:53","slug":"desde-la-secretaria-de-participacion-ciudadana-se-construye-paz","status":"publish","type":"post","link":"https:\/\/siciudadania.co\/%Slug%\/","title":{"rendered":"Desde la Secretar\u00eda de Participaci\u00f3n Ciudadana, se construye paz"},"content":{"rendered":"<p><img fetchpriority=\"high\" decoding=\"async\" class=\" size-full wp-image-91\" style=\"margin: 10px auto; display: block;\" src=\"https:\/\/siciudadania.co\/wp-content\/uploads\/2018\/12\/medellin-paz3.jpg\" alt=\"medellin paz3\" width=\"300\" height=\"225\" \/><\/p>\n<p><span style=\"font-size: 12pt;\">El pasado 21 de septiembre se conmemor\u00f3 el d\u00eda internacional de la paz, con la intenci\u00f3n de compartir con los miembros de la Secretar\u00eda de Participaci\u00f3n Ciudadana. Esta actividad se llev\u00f3 a cabo, con la intenci\u00f3n de generar una reflexi\u00f3n relacionada a la importancia de construir paz desde el quehacer diario, desde el d\u00eda a d\u00eda en las funciones de transformar el territorio, y que mejor forma que dejando un mensaje importante de paz.<\/span><\/p>\n<p><a class=\"btn btn-info\" style=\"color: #ffffff; display: inline-block; padding: 8px 20px; margin-bottom: 0px; font-size: 18px; line-height: 1.2em; text-align: center; vertical-align: middle; cursor: pointer; text-shadow: none; background: #e6334c; border: none; font-family: Roboto, sans-serif; font-style: normal; font-weight: 400; letter-spacing: normal; orphans: 2; text-indent: 0px; text-transform: none; white-space: normal; widows: 2; word-spacing: 0px;\" href=\"https:\/\/drive.google.com\/open?id=1GxWjHcfmNFUX3GF2ykbzyzfhJWBkUuew\" target=\"_blank\" rel=\"noopener noreferrer\">Leer m\u00e1s<\/a><\/p>\n","protected":false},"excerpt":{"rendered":"<p>El pasado 21 de septiembre se conmemor\u00f3 el d\u00eda internacional de la paz, con la intenci\u00f3n de compartir con los miembros de la Secretar\u00eda de Participaci\u00f3n Ciudadana. Esta actividad se llev\u00f3 a cabo, con la intenci\u00f3n de generar una reflexi\u00f3n relacionada a la importancia de construir paz desde el quehacer diario, desde el d\u00eda a &hellip; <\/p>\n","protected":false},"author":1,"featured_media":91,"comment_status":"open","ping_status":"open","sticky":false,"template":"","format":"standard","meta":{"footnotes":""},"categories":[19],"tags":[],"class_list":["post-92","post","type-post","status-publish","format-standard","has-post-thumbnail","hentry","category-sabias-que-2"],"yoast_head":"<!-- This site is optimized with the Yoast SEO plugin v21.5 - https:\/\/yoast.com\/wordpress\/plugins\/seo\/ -->\n<title>Desde la Secretar\u00eda de Participaci\u00f3n Ciudadana, se construye paz -<\/title>\n<meta name=\"robots\" content=\"index, follow, max-snippet:-1, max-image-preview:large, max-video-preview:-1\" \/>\n<link rel=\"canonical\" href=\"https:\/\/siciudadania.co\/%Slug%\/\" \/>\n<meta property=\"og:locale\" content=\"es_ES\" \/>\n<meta property=\"og:type\" content=\"article\" \/>\n<meta property=\"og:title\" content=\"Desde la Secretar\u00eda de Participaci\u00f3n Ciudadana, se construye paz -\" \/>\n<meta property=\"og:description\" content=\"El pasado 21 de septiembre se conmemor\u00f3 el d\u00eda internacional de la paz, con la intenci\u00f3n de compartir con los miembros de la Secretar\u00eda de Participaci\u00f3n Ciudadana. Esta actividad se llev\u00f3 a cabo, con la intenci\u00f3n de generar una reflexi\u00f3n relacionada a la importancia de construir paz desde el quehacer diario, desde el d\u00eda a &hellip;\" \/>\n<meta property=\"og:url\" content=\"https:\/\/siciudadania.co\/%Slug%\/\" \/>\n<meta property=\"article:published_time\" content=\"2018-12-07T23:49:53+00:00\" \/>\n<meta property=\"og:image\" content=\"https:\/\/siciudadania.co\/wp-content\/uploads\/2018\/12\/medellin-paz3.jpg\" \/>\n\t<meta property=\"og:image:width\" content=\"300\" \/>\n\t<meta property=\"og:image:height\" content=\"225\" \/>\n\t<meta property=\"og:image:type\" content=\"image\/jpeg\" \/>\n<meta name=\"author\" content=\"admin_siciudadania\" \/>\n<meta name=\"twitter:card\" content=\"summary_large_image\" \/>\n<meta name=\"twitter:label1\" content=\"Escrito por\" \/>\n\t<meta name=\"twitter:data1\" content=\"admin_siciudadania\" \/>\n<script type=\"application\/ld+json\" class=\"yoast-schema-graph\">{\"@context\":\"https:\/\/schema.org\",\"@graph\":[{\"@type\":\"WebPage\",\"@id\":\"https:\/\/siciudadania.co\/%Slug%\/\",\"url\":\"https:\/\/siciudadania.co\/%Slug%\/\",\"name\":\"Desde la Secretar\u00eda de Participaci\u00f3n Ciudadana, se construye paz -\",\"isPartOf\":{\"@id\":\"https:\/\/siciudadania.co\/#website\"},\"datePublished\":\"2018-12-07T23:49:53+00:00\",\"dateModified\":\"2018-12-07T23:49:53+00:00\",\"author\":{\"@id\":\"https:\/\/siciudadania.co\/#\/schema\/person\/3e464ad406eaa09a2ebc5177d6015319\"},\"breadcrumb\":{\"@id\":\"https:\/\/siciudadania.co\/%Slug%\/#breadcrumb\"},\"inLanguage\":\"es\",\"potentialAction\":[{\"@type\":\"ReadAction\",\"target\":[\"https:\/\/siciudadania.co\/%Slug%\/\"]}]},{\"@type\":\"BreadcrumbList\",\"@id\":\"https:\/\/siciudadania.co\/%Slug%\/#breadcrumb\",\"itemListElement\":[{\"@type\":\"ListItem\",\"position\":1,\"name\":\"Portada\",\"item\":\"https:\/\/siciudadania.co\/\"},{\"@type\":\"ListItem\",\"position\":2,\"name\":\"Desde la Secretar\u00eda de Participaci\u00f3n Ciudadana, se construye paz\"}]},{\"@type\":\"WebSite\",\"@id\":\"https:\/\/siciudadania.co\/#website\",\"url\":\"https:\/\/siciudadania.co\/\",\"name\":\"\",\"description\":\"\",\"potentialAction\":[{\"@type\":\"SearchAction\",\"target\":{\"@type\":\"EntryPoint\",\"urlTemplate\":\"https:\/\/siciudadania.co\/?s={search_term_string}\"},\"query-input\":\"required name=search_term_string\"}],\"inLanguage\":\"es\"},{\"@type\":\"Person\",\"@id\":\"https:\/\/siciudadania.co\/#\/schema\/person\/3e464ad406eaa09a2ebc5177d6015319\",\"name\":\"admin_siciudadania\",\"image\":{\"@type\":\"ImageObject\",\"inLanguage\":\"es\",\"@id\":\"https:\/\/siciudadania.co\/#\/schema\/person\/image\/\",\"url\":\"https:\/\/secure.gravatar.com\/avatar\/c4e8e447469c7360494445e3c2a19234a533e992b29d775da96fa20efe7d6e9f?s=96&d=mm&r=g\",\"contentUrl\":\"https:\/\/secure.gravatar.com\/avatar\/c4e8e447469c7360494445e3c2a19234a533e992b29d775da96fa20efe7d6e9f?s=96&d=mm&r=g\",\"caption\":\"admin_siciudadania\"},\"sameAs\":[\"https:\/\/siciudadania.co\"],\"url\":\"https:\/\/siciudadania.co\/author\/admin_siciudadania\/\"}]}<\/script>\n<!-- \/ Yoast SEO plugin. -->","yoast_head_json":{"title":"Desde la Secretar\u00eda de Participaci\u00f3n Ciudadana, se construye paz -","robots":{"index":"index","follow":"follow","max-snippet":"max-snippet:-1","max-image-preview":"max-image-preview:large","max-video-preview":"max-video-preview:-1"},"canonical":"https:\/\/siciudadania.co\/%Slug%\/","og_locale":"es_ES","og_type":"article","og_title":"Desde la Secretar\u00eda de Participaci\u00f3n Ciudadana, se construye paz -","og_description":"El pasado 21 de septiembre se conmemor\u00f3 el d\u00eda internacional de la paz, con la intenci\u00f3n de compartir con los miembros de la Secretar\u00eda de Participaci\u00f3n Ciudadana. Esta actividad se llev\u00f3 a cabo, con la intenci\u00f3n de generar una reflexi\u00f3n relacionada a la importancia de construir paz desde el quehacer diario, desde el d\u00eda a &hellip;","og_url":"https:\/\/siciudadania.co\/%Slug%\/","article_published_time":"2018-12-07T23:49:53+00:00","og_image":[{"width":300,"height":225,"url":"https:\/\/siciudadania.co\/wp-content\/uploads\/2018\/12\/medellin-paz3.jpg","type":"image\/jpeg"}],"author":"admin_siciudadania","twitter_card":"summary_large_image","twitter_misc":{"Escrito por":"admin_siciudadania"},"schema":{"@context":"https:\/\/schema.org","@graph":[{"@type":"WebPage","@id":"https:\/\/siciudadania.co\/%Slug%\/","url":"https:\/\/siciudadania.co\/%Slug%\/","name":"Desde la Secretar\u00eda de Participaci\u00f3n Ciudadana, se construye paz -","isPartOf":{"@id":"https:\/\/siciudadania.co\/#website"},"datePublished":"2018-12-07T23:49:53+00:00","dateModified":"2018-12-07T23:49:53+00:00","author":{"@id":"https:\/\/siciudadania.co\/#\/schema\/person\/3e464ad406eaa09a2ebc5177d6015319"},"breadcrumb":{"@id":"https:\/\/siciudadania.co\/%Slug%\/#breadcrumb"},"inLanguage":"es","potentialAction":[{"@type":"ReadAction","target":["https:\/\/siciudadania.co\/%Slug%\/"]}]},{"@type":"BreadcrumbList","@id":"https:\/\/siciudadania.co\/%Slug%\/#breadcrumb","itemListElement":[{"@type":"ListItem","position":1,"name":"Portada","item":"https:\/\/siciudadania.co\/"},{"@type":"ListItem","position":2,"name":"Desde la Secretar\u00eda de Participaci\u00f3n Ciudadana, se construye paz"}]},{"@type":"WebSite","@id":"https:\/\/siciudadania.co\/#website","url":"https:\/\/siciudadania.co\/","name":"","description":"","potentialAction":[{"@type":"SearchAction","target":{"@type":"EntryPoint","urlTemplate":"https:\/\/siciudadania.co\/?s={search_term_string}"},"query-input":"required name=search_term_string"}],"inLanguage":"es"},{"@type":"Person","@id":"https:\/\/siciudadania.co\/#\/schema\/person\/3e464ad406eaa09a2ebc5177d6015319","name":"admin_siciudadania","image":{"@type":"ImageObject","inLanguage":"es","@id":"https:\/\/siciudadania.co\/#\/schema\/person\/image\/","url":"https:\/\/secure.gravatar.com\/avatar\/c4e8e447469c7360494445e3c2a19234a533e992b29d775da96fa20efe7d6e9f?s=96&d=mm&r=g","contentUrl":"https:\/\/secure.gravatar.com\/avatar\/c4e8e447469c7360494445e3c2a19234a533e992b29d775da96fa20efe7d6e9f?s=96&d=mm&r=g","caption":"admin_siciudadania"},"sameAs":["https:\/\/siciudadania.co"],"url":"https:\/\/siciudadania.co\/author\/admin_siciudadania\/"}]}},"_links":{"self":[{"href":"https:\/\/siciudadania.co\/wp-json\/wp\/v2\/posts\/92","targetHints":{"allow":["GET"]}}],"collection":[{"href":"https:\/\/siciudadania.co\/wp-json\/wp\/v2\/posts"}],"about":[{"href":"https:\/\/siciudadania.co\/wp-json\/wp\/v2\/types\/post"}],"author":[{"embeddable":true,"href":"https:\/\/siciudadania.co\/wp-json\/wp\/v2\/users\/1"}],"replies":[{"embeddable":true,"href":"https:\/\/siciudadania.co\/wp-json\/wp\/v2\/comments?post=92"}],"version-history":[{"count":0,"href":"https:\/\/siciudadania.co\/wp-json\/wp\/v2\/posts\/92\/revisions"}],"wp:featuredmedia":[{"embeddable":true,"href":"https:\/\/siciudadania.co\/wp-json\/wp\/v2\/media\/91"}],"wp:attachment":[{"href":"https:\/\/siciudadania.co\/wp-json\/wp\/v2\/media?parent=92"}],"wp:term":[{"taxonomy":"category","embeddable":true,"href":"https:\/\/siciudadania.co\/wp-json\/wp\/v2\/categories?post=92"},{"taxonomy":"post_tag","embeddable":true,"href":"https:\/\/siciudadania.co\/wp-json\/wp\/v2\/tags?post=92"}],"curies":[{"name":"wp","href":"https:\/\/api.w.org\/{rel}","templated":true}]}}