{"id":6608,"date":"2025-08-11T01:46:28","date_gmt":"2025-08-11T01:46:28","guid":{"rendered":"https:\/\/siciudadania.co\/?p=6608"},"modified":"2025-08-11T01:46:29","modified_gmt":"2025-08-11T01:46:29","slug":"comite-de-victimas-de-la-comuna-13-san-javier","status":"publish","type":"post","link":"https:\/\/siciudadania.co\/%Slug%\/","title":{"rendered":"Comit\u00e9 de V\u00edctimas de la Comuna 13 \u2013 San Javier"},"content":{"rendered":"\n<p>El <strong>Comit\u00e9 de V\u00edctimas de la Comuna 13 \u2013 San Javier<\/strong>, conformado por personas que han vivido de cerca las consecuencias del conflicto armado, particip\u00f3 activamente en los <strong>Laboratorios Ciudadanos<\/strong> de la Unidad de Desarrollo e Innovaci\u00f3n para la Participaci\u00f3n, donde construy\u00f3 de manera colaborativa un <strong>Plan de Cocreaci\u00f3n<\/strong> orientado a fortalecer la difusi\u00f3n y apropiaci\u00f3n de las rutas de atenci\u00f3n para v\u00edctimas de violencias basadas en g\u00e9nero en el territorio. Este proceso, guiado por la escucha activa, el an\u00e1lisis comunitario y la articulaci\u00f3n con diversas entidades, permiti\u00f3 dise\u00f1ar estrategias pedag\u00f3gicas, culturales y comunicativas que no solo visibilizan la oferta institucional disponible, sino que tambi\u00e9n promueven el acceso efectivo a los derechos, el acompa\u00f1amiento integral y la reconstrucci\u00f3n del tejido social en la Comuna 13.<\/p>\n\n\n\n<figure class=\"wp-block-embed is-type-video is-provider-youtube wp-block-embed-youtube wp-embed-aspect-16-9 wp-has-aspect-ratio\"><div class=\"wp-block-embed__wrapper\">\n<iframe title=\"Comit\u00e9 de V\u00edctimas de la Comuna 13 \u2013 San Javier\" width=\"640\" height=\"360\" src=\"https:\/\/www.youtube.com\/embed\/GHrfjeLa0c4?feature=oembed\" frameborder=\"0\" allow=\"accelerometer; autoplay; clipboard-write; encrypted-media; gyroscope; picture-in-picture; web-share\" referrerpolicy=\"strict-origin-when-cross-origin\" allowfullscreen><\/iframe>\n<\/div><\/figure>\n","protected":false},"excerpt":{"rendered":"<p>El Comit\u00e9 de V\u00edctimas de la Comuna 13 \u2013 San Javier, conformado por personas que han vivido de cerca las consecuencias del conflicto armado, particip\u00f3 activamente en los Laboratorios Ciudadanos de la Unidad de Desarrollo e Innovaci\u00f3n para la Participaci\u00f3n, donde construy\u00f3 de manera colaborativa un Plan de Cocreaci\u00f3n orientado a fortalecer la difusi\u00f3n y &hellip; <\/p>\n","protected":false},"author":1,"featured_media":6609,"comment_status":"open","ping_status":"open","sticky":false,"template":"","format":"standard","meta":{"footnotes":""},"categories":[128],"tags":[129],"class_list":["post-6608","post","type-post","status-publish","format-standard","has-post-thumbnail","hentry","category-planes-innovadores-2025","tag-laboratorio-2025"],"yoast_head":"<!-- This site is optimized with the Yoast SEO plugin v21.5 - https:\/\/yoast.com\/wordpress\/plugins\/seo\/ -->\n<title>Comit\u00e9 de V\u00edctimas de la Comuna 13 \u2013 San Javier -<\/title>\n<meta name=\"robots\" content=\"index, follow, max-snippet:-1, max-image-preview:large, max-video-preview:-1\" \/>\n<link rel=\"canonical\" href=\"https:\/\/siciudadania.co\/%Slug%\/\" \/>\n<meta property=\"og:locale\" content=\"es_ES\" \/>\n<meta property=\"og:type\" content=\"article\" \/>\n<meta property=\"og:title\" content=\"Comit\u00e9 de V\u00edctimas de la Comuna 13 \u2013 San Javier -\" \/>\n<meta property=\"og:description\" content=\"El Comit\u00e9 de V\u00edctimas de la Comuna 13 \u2013 San Javier, conformado por personas que han vivido de cerca las consecuencias del conflicto armado, particip\u00f3 activamente en los Laboratorios Ciudadanos de la Unidad de Desarrollo e Innovaci\u00f3n para la Participaci\u00f3n, donde construy\u00f3 de manera colaborativa un Plan de Cocreaci\u00f3n orientado a fortalecer la difusi\u00f3n y &hellip;\" \/>\n<meta property=\"og:url\" content=\"https:\/\/siciudadania.co\/%Slug%\/\" \/>\n<meta property=\"article:published_time\" content=\"2025-08-11T01:46:28+00:00\" \/>\n<meta property=\"article:modified_time\" content=\"2025-08-11T01:46:29+00:00\" \/>\n<meta property=\"og:image\" content=\"https:\/\/siciudadania.co\/wp-content\/uploads\/2025\/08\/Comite-de-Victimas-de-la-Comuna-13-\u2013-San-Javier.png\" \/>\n\t<meta property=\"og:image:width\" content=\"1225\" \/>\n\t<meta property=\"og:image:height\" content=\"712\" \/>\n\t<meta property=\"og:image:type\" content=\"image\/png\" \/>\n<meta name=\"author\" content=\"admin_siciudadania\" \/>\n<meta name=\"twitter:card\" content=\"summary_large_image\" \/>\n<meta name=\"twitter:label1\" content=\"Escrito por\" \/>\n\t<meta name=\"twitter:data1\" content=\"admin_siciudadania\" \/>\n\t<meta name=\"twitter:label2\" content=\"Tiempo de lectura\" \/>\n\t<meta name=\"twitter:data2\" content=\"1 minuto\" \/>\n<script type=\"application\/ld+json\" class=\"yoast-schema-graph\">{\"@context\":\"https:\/\/schema.org\",\"@graph\":[{\"@type\":\"WebPage\",\"@id\":\"https:\/\/siciudadania.co\/%Slug%\/\",\"url\":\"https:\/\/siciudadania.co\/%Slug%\/\",\"name\":\"Comit\u00e9 de V\u00edctimas de la Comuna 13 \u2013 San Javier -\",\"isPartOf\":{\"@id\":\"https:\/\/siciudadania.co\/#website\"},\"datePublished\":\"2025-08-11T01:46:28+00:00\",\"dateModified\":\"2025-08-11T01:46:29+00:00\",\"author\":{\"@id\":\"https:\/\/siciudadania.co\/#\/schema\/person\/3e464ad406eaa09a2ebc5177d6015319\"},\"breadcrumb\":{\"@id\":\"https:\/\/siciudadania.co\/%Slug%\/#breadcrumb\"},\"inLanguage\":\"es\",\"potentialAction\":[{\"@type\":\"ReadAction\",\"target\":[\"https:\/\/siciudadania.co\/%Slug%\/\"]}]},{\"@type\":\"BreadcrumbList\",\"@id\":\"https:\/\/siciudadania.co\/%Slug%\/#breadcrumb\",\"itemListElement\":[{\"@type\":\"ListItem\",\"position\":1,\"name\":\"Portada\",\"item\":\"https:\/\/siciudadania.co\/\"},{\"@type\":\"ListItem\",\"position\":2,\"name\":\"Comit\u00e9 de V\u00edctimas de la Comuna 13 \u2013 San Javier\"}]},{\"@type\":\"WebSite\",\"@id\":\"https:\/\/siciudadania.co\/#website\",\"url\":\"https:\/\/siciudadania.co\/\",\"name\":\"\",\"description\":\"\",\"potentialAction\":[{\"@type\":\"SearchAction\",\"target\":{\"@type\":\"EntryPoint\",\"urlTemplate\":\"https:\/\/siciudadania.co\/?s={search_term_string}\"},\"query-input\":\"required name=search_term_string\"}],\"inLanguage\":\"es\"},{\"@type\":\"Person\",\"@id\":\"https:\/\/siciudadania.co\/#\/schema\/person\/3e464ad406eaa09a2ebc5177d6015319\",\"name\":\"admin_siciudadania\",\"image\":{\"@type\":\"ImageObject\",\"inLanguage\":\"es\",\"@id\":\"https:\/\/siciudadania.co\/#\/schema\/person\/image\/\",\"url\":\"https:\/\/secure.gravatar.com\/avatar\/c4e8e447469c7360494445e3c2a19234a533e992b29d775da96fa20efe7d6e9f?s=96&d=mm&r=g\",\"contentUrl\":\"https:\/\/secure.gravatar.com\/avatar\/c4e8e447469c7360494445e3c2a19234a533e992b29d775da96fa20efe7d6e9f?s=96&d=mm&r=g\",\"caption\":\"admin_siciudadania\"},\"sameAs\":[\"https:\/\/siciudadania.co\"],\"url\":\"https:\/\/siciudadania.co\/author\/admin_siciudadania\/\"}]}<\/script>\n<!-- \/ Yoast SEO plugin. -->","yoast_head_json":{"title":"Comit\u00e9 de V\u00edctimas de la Comuna 13 \u2013 San Javier -","robots":{"index":"index","follow":"follow","max-snippet":"max-snippet:-1","max-image-preview":"max-image-preview:large","max-video-preview":"max-video-preview:-1"},"canonical":"https:\/\/siciudadania.co\/%Slug%\/","og_locale":"es_ES","og_type":"article","og_title":"Comit\u00e9 de V\u00edctimas de la Comuna 13 \u2013 San Javier -","og_description":"El Comit\u00e9 de V\u00edctimas de la Comuna 13 \u2013 San Javier, conformado por personas que han vivido de cerca las consecuencias del conflicto armado, particip\u00f3 activamente en los Laboratorios Ciudadanos de la Unidad de Desarrollo e Innovaci\u00f3n para la Participaci\u00f3n, donde construy\u00f3 de manera colaborativa un Plan de Cocreaci\u00f3n orientado a fortalecer la difusi\u00f3n y &hellip;","og_url":"https:\/\/siciudadania.co\/%Slug%\/","article_published_time":"2025-08-11T01:46:28+00:00","article_modified_time":"2025-08-11T01:46:29+00:00","og_image":[{"width":1225,"height":712,"url":"https:\/\/siciudadania.co\/wp-content\/uploads\/2025\/08\/Comite-de-Victimas-de-la-Comuna-13-\u2013-San-Javier.png","type":"image\/png"}],"author":"admin_siciudadania","twitter_card":"summary_large_image","twitter_misc":{"Escrito por":"admin_siciudadania","Tiempo de lectura":"1 minuto"},"schema":{"@context":"https:\/\/schema.org","@graph":[{"@type":"WebPage","@id":"https:\/\/siciudadania.co\/%Slug%\/","url":"https:\/\/siciudadania.co\/%Slug%\/","name":"Comit\u00e9 de V\u00edctimas de la Comuna 13 \u2013 San Javier -","isPartOf":{"@id":"https:\/\/siciudadania.co\/#website"},"datePublished":"2025-08-11T01:46:28+00:00","dateModified":"2025-08-11T01:46:29+00:00","author":{"@id":"https:\/\/siciudadania.co\/#\/schema\/person\/3e464ad406eaa09a2ebc5177d6015319"},"breadcrumb":{"@id":"https:\/\/siciudadania.co\/%Slug%\/#breadcrumb"},"inLanguage":"es","potentialAction":[{"@type":"ReadAction","target":["https:\/\/siciudadania.co\/%Slug%\/"]}]},{"@type":"BreadcrumbList","@id":"https:\/\/siciudadania.co\/%Slug%\/#breadcrumb","itemListElement":[{"@type":"ListItem","position":1,"name":"Portada","item":"https:\/\/siciudadania.co\/"},{"@type":"ListItem","position":2,"name":"Comit\u00e9 de V\u00edctimas de la Comuna 13 \u2013 San Javier"}]},{"@type":"WebSite","@id":"https:\/\/siciudadania.co\/#website","url":"https:\/\/siciudadania.co\/","name":"","description":"","potentialAction":[{"@type":"SearchAction","target":{"@type":"EntryPoint","urlTemplate":"https:\/\/siciudadania.co\/?s={search_term_string}"},"query-input":"required name=search_term_string"}],"inLanguage":"es"},{"@type":"Person","@id":"https:\/\/siciudadania.co\/#\/schema\/person\/3e464ad406eaa09a2ebc5177d6015319","name":"admin_siciudadania","image":{"@type":"ImageObject","inLanguage":"es","@id":"https:\/\/siciudadania.co\/#\/schema\/person\/image\/","url":"https:\/\/secure.gravatar.com\/avatar\/c4e8e447469c7360494445e3c2a19234a533e992b29d775da96fa20efe7d6e9f?s=96&d=mm&r=g","contentUrl":"https:\/\/secure.gravatar.com\/avatar\/c4e8e447469c7360494445e3c2a19234a533e992b29d775da96fa20efe7d6e9f?s=96&d=mm&r=g","caption":"admin_siciudadania"},"sameAs":["https:\/\/siciudadania.co"],"url":"https:\/\/siciudadania.co\/author\/admin_siciudadania\/"}]}},"_links":{"self":[{"href":"https:\/\/siciudadania.co\/wp-json\/wp\/v2\/posts\/6608","targetHints":{"allow":["GET"]}}],"collection":[{"href":"https:\/\/siciudadania.co\/wp-json\/wp\/v2\/posts"}],"about":[{"href":"https:\/\/siciudadania.co\/wp-json\/wp\/v2\/types\/post"}],"author":[{"embeddable":true,"href":"https:\/\/siciudadania.co\/wp-json\/wp\/v2\/users\/1"}],"replies":[{"embeddable":true,"href":"https:\/\/siciudadania.co\/wp-json\/wp\/v2\/comments?post=6608"}],"version-history":[{"count":1,"href":"https:\/\/siciudadania.co\/wp-json\/wp\/v2\/posts\/6608\/revisions"}],"predecessor-version":[{"id":6610,"href":"https:\/\/siciudadania.co\/wp-json\/wp\/v2\/posts\/6608\/revisions\/6610"}],"wp:featuredmedia":[{"embeddable":true,"href":"https:\/\/siciudadania.co\/wp-json\/wp\/v2\/media\/6609"}],"wp:attachment":[{"href":"https:\/\/siciudadania.co\/wp-json\/wp\/v2\/media?parent=6608"}],"wp:term":[{"taxonomy":"category","embeddable":true,"href":"https:\/\/siciudadania.co\/wp-json\/wp\/v2\/categories?post=6608"},{"taxonomy":"post_tag","embeddable":true,"href":"https:\/\/siciudadania.co\/wp-json\/wp\/v2\/tags?post=6608"}],"curies":[{"name":"wp","href":"https:\/\/api.w.org\/{rel}","templated":true}]}}