{"id":6394,"date":"2025-07-18T17:41:39","date_gmt":"2025-07-18T17:41:39","guid":{"rendered":"https:\/\/siciudadania.co\/?p=6394"},"modified":"2026-04-28T17:58:41","modified_gmt":"2026-04-28T17:58:41","slug":"redin","status":"publish","type":"post","link":"https:\/\/siciudadania.co\/2025\/07\/18\/redin\/","title":{"rendered":"REDINT"},"content":{"rendered":"\t\t<div data-elementor-type=\"wp-post\" data-elementor-id=\"6394\" class=\"elementor elementor-6394\">\n\t\t\t\t\t\t\t\t\t<section class=\"elementor-section elementor-top-section elementor-element elementor-element-92e1aa7 elementor-section-boxed elementor-section-height-default elementor-section-height-default\" data-id=\"92e1aa7\" data-element_type=\"section\">\n\t\t\t\t\t\t<div class=\"elementor-container elementor-column-gap-default\">\n\t\t\t\t\t<div class=\"elementor-column elementor-col-100 elementor-top-column elementor-element elementor-element-da01015\" data-id=\"da01015\" data-element_type=\"column\">\n\t\t\t<div class=\"elementor-widget-wrap elementor-element-populated\">\n\t\t\t\t\t\t\t\t<div class=\"elementor-element elementor-element-2503ae8 elementor-widget elementor-widget-heading\" data-id=\"2503ae8\" data-element_type=\"widget\" data-widget_type=\"heading.default\">\n\t\t\t\t<div class=\"elementor-widget-container\">\n\t\t\t<h2 class=\"elementor-heading-title elementor-size-large\">Una apuesta colectiva por la investigaci\u00f3n ciudadana y la transformaci\u00f3n del territorio<\/h2>\t\t<\/div>\n\t\t\t\t<\/div>\n\t\t\t\t\t<\/div>\n\t\t<\/div>\n\t\t\t\t\t\t\t<\/div>\n\t\t<\/section>\n\t\t\t\t<section class=\"elementor-section elementor-top-section elementor-element elementor-element-93a0dd6 elementor-section-boxed elementor-section-height-default elementor-section-height-default\" data-id=\"93a0dd6\" data-element_type=\"section\">\n\t\t\t\t\t\t<div class=\"elementor-container elementor-column-gap-default\">\n\t\t\t\t\t<div class=\"elementor-column elementor-col-100 elementor-top-column elementor-element elementor-element-6a5116b\" data-id=\"6a5116b\" data-element_type=\"column\">\n\t\t\t<div class=\"elementor-widget-wrap elementor-element-populated\">\n\t\t\t\t\t\t\t\t<div class=\"elementor-element elementor-element-fe9715f elementor-widget elementor-widget-heading\" data-id=\"fe9715f\" data-element_type=\"widget\" data-widget_type=\"heading.default\">\n\t\t\t\t<div class=\"elementor-widget-container\">\n\t\t\t<h2 class=\"elementor-heading-title elementor-size-default\">\ud83d\udccc \u00bfQu\u00e9 es REDINT?<\/h2>\t\t<\/div>\n\t\t\t\t<\/div>\n\t\t\t\t\t<\/div>\n\t\t<\/div>\n\t\t\t\t\t\t\t<\/div>\n\t\t<\/section>\n\t\t\t\t<section class=\"elementor-section elementor-top-section elementor-element elementor-element-3e04f40 elementor-section-boxed elementor-section-height-default elementor-section-height-default\" data-id=\"3e04f40\" data-element_type=\"section\">\n\t\t\t\t\t\t<div class=\"elementor-container elementor-column-gap-default\">\n\t\t\t\t\t<div class=\"elementor-column elementor-col-100 elementor-top-column elementor-element elementor-element-e5213a6\" data-id=\"e5213a6\" data-element_type=\"column\">\n\t\t\t<div class=\"elementor-widget-wrap elementor-element-populated\">\n\t\t\t\t\t\t\t\t<div class=\"elementor-element elementor-element-2017a6e elementor-widget elementor-widget-text-editor\" data-id=\"2017a6e\" data-element_type=\"widget\" data-widget_type=\"text-editor.default\">\n\t\t\t\t<div class=\"elementor-widget-container\">\n\t\t\t\t\t\t\t<p data-start=\"373\" data-end=\"823\">La Red de Investigadores Territoriales \u2013REDINT\u2013 es una estrategia de desarrollo de capacidades ciudadanas orientada a la apropiaci\u00f3n social del conocimiento. Nace como una apuesta conjunta entre organizaciones sociales, universidades y la administraci\u00f3n p\u00fablica para reconocer, documentar y compartir las experiencias, saberes y repertorios de acci\u00f3n que surgen en los territorios frente a problem\u00e1ticas sociales, ambientales, culturales y pol\u00edticas.<\/p><p data-start=\"967\" data-end=\"1225\">\ud83d\udd0d Desde REDINT se impulsa el reconocimiento de las gestiones realizadas por los actores comunitarios en torno a la participaci\u00f3n ciudadana, promoviendo el intercambio de conocimientos y la construcci\u00f3n de narrativas colectivas que fortalezcan la gesti\u00f3n p\u00fablica y la transformaci\u00f3n social desde una perspectiva territorial.<\/p>\t\t\t\t\t\t<\/div>\n\t\t\t\t<\/div>\n\t\t\t\t\t<\/div>\n\t\t<\/div>\n\t\t\t\t\t\t\t<\/div>\n\t\t<\/section>\n\t\t\t\t<section class=\"elementor-section elementor-top-section elementor-element elementor-element-da3116a elementor-section-boxed elementor-section-height-default elementor-section-height-default\" data-id=\"da3116a\" data-element_type=\"section\">\n\t\t\t\t\t\t<div class=\"elementor-container elementor-column-gap-default\">\n\t\t\t\t\t<div class=\"elementor-column elementor-col-100 elementor-top-column elementor-element elementor-element-bd18b16\" data-id=\"bd18b16\" data-element_type=\"column\">\n\t\t\t<div class=\"elementor-widget-wrap elementor-element-populated\">\n\t\t\t\t\t\t\t\t<div class=\"elementor-element elementor-element-7268af2 elementor-widget elementor-widget-heading\" data-id=\"7268af2\" data-element_type=\"widget\" data-widget_type=\"heading.default\">\n\t\t\t\t<div class=\"elementor-widget-container\">\n\t\t\t<h2 class=\"elementor-heading-title elementor-size-default\">\ud83c\udfaf Prop\u00f3sito<\/h2>\t\t<\/div>\n\t\t\t\t<\/div>\n\t\t\t\t\t<\/div>\n\t\t<\/div>\n\t\t\t\t\t\t\t<\/div>\n\t\t<\/section>\n\t\t\t\t<section class=\"elementor-section elementor-top-section elementor-element elementor-element-d57c2fe elementor-section-boxed elementor-section-height-default elementor-section-height-default\" data-id=\"d57c2fe\" data-element_type=\"section\">\n\t\t\t\t\t\t<div class=\"elementor-container elementor-column-gap-default\">\n\t\t\t\t\t<div class=\"elementor-column elementor-col-100 elementor-top-column elementor-element elementor-element-6763951\" data-id=\"6763951\" data-element_type=\"column\">\n\t\t\t<div class=\"elementor-widget-wrap elementor-element-populated\">\n\t\t\t\t\t\t\t\t<div class=\"elementor-element elementor-element-82862aa elementor-widget elementor-widget-text-editor\" data-id=\"82862aa\" data-element_type=\"widget\" data-widget_type=\"text-editor.default\">\n\t\t\t\t<div class=\"elementor-widget-container\">\n\t\t\t\t\t\t\t<p data-start=\"2124\" data-end=\"2567\">REDINT busca aportar al fortalecimiento de la alianza territorial reconociendo la diversidad de actores y las estrategias que cada uno despliega frente a los retos sociales. Adem\u00e1s, fomenta la articulaci\u00f3n en red para la gesti\u00f3n del territorio, impulsa el reconocimiento de las capacidades formativas de la ciudadan\u00eda, fortalece habilidades investigativas y promueve la innovaci\u00f3n social como camino para ampliar la participaci\u00f3n ciudadana.<\/p>\t\t\t\t\t\t<\/div>\n\t\t\t\t<\/div>\n\t\t\t\t\t<\/div>\n\t\t<\/div>\n\t\t\t\t\t\t\t<\/div>\n\t\t<\/section>\n\t\t\t\t<section class=\"elementor-section elementor-top-section elementor-element elementor-element-fa123c0 elementor-section-boxed elementor-section-height-default elementor-section-height-default\" data-id=\"fa123c0\" data-element_type=\"section\">\n\t\t\t\t\t\t<div class=\"elementor-container elementor-column-gap-default\">\n\t\t\t\t\t<div class=\"elementor-column elementor-col-100 elementor-top-column elementor-element elementor-element-5322808\" data-id=\"5322808\" data-element_type=\"column\">\n\t\t\t<div class=\"elementor-widget-wrap elementor-element-populated\">\n\t\t\t\t\t\t\t\t<div class=\"elementor-element elementor-element-1e3c78b elementor-widget elementor-widget-heading\" data-id=\"1e3c78b\" data-element_type=\"widget\" data-widget_type=\"heading.default\">\n\t\t\t\t<div class=\"elementor-widget-container\">\n\t\t\t<h2 class=\"elementor-heading-title elementor-size-default\">\ud83e\udde9 Fundamentos metodol\u00f3gicos<\/h2>\t\t<\/div>\n\t\t\t\t<\/div>\n\t\t\t\t\t<\/div>\n\t\t<\/div>\n\t\t\t\t\t\t\t<\/div>\n\t\t<\/section>\n\t\t\t\t<section class=\"elementor-section elementor-top-section elementor-element elementor-element-3871f1b elementor-section-boxed elementor-section-height-default elementor-section-height-default\" data-id=\"3871f1b\" data-element_type=\"section\">\n\t\t\t\t\t\t<div class=\"elementor-container elementor-column-gap-default\">\n\t\t\t\t\t<div class=\"elementor-column elementor-col-100 elementor-top-column elementor-element elementor-element-f994952\" data-id=\"f994952\" data-element_type=\"column\">\n\t\t\t<div class=\"elementor-widget-wrap elementor-element-populated\">\n\t\t\t\t\t\t\t\t<div class=\"elementor-element elementor-element-b9844d6 elementor-widget elementor-widget-text-editor\" data-id=\"b9844d6\" data-element_type=\"widget\" data-widget_type=\"text-editor.default\">\n\t\t\t\t<div class=\"elementor-widget-container\">\n\t\t\t\t\t\t\t<p data-start=\"1549\" data-end=\"1625\">La estrategia se sustenta en un enfoque <strong data-start=\"1589\" data-end=\"1606\">socio-cr\u00edtico<\/strong>, articulando elementos y herramientas de los enfoques como:<\/p><ul data-start=\"1627\" data-end=\"1731\"><li data-start=\"1627\" data-end=\"1650\"><p data-start=\"1629\" data-end=\"1650\">\ud83d\udde3\ufe0f Etnometodolog\u00eda<\/p><\/li><li data-start=\"1651\" data-end=\"1683\"><p data-start=\"1653\" data-end=\"1683\">\ud83d\udd04 Interaccionismo simb\u00f3lico<\/p><\/li><li data-start=\"1684\" data-end=\"1731\"><p data-start=\"1686\" data-end=\"1731\">\ud83e\uddea Investigaci\u00f3n Acci\u00f3n Participativa (IAP)<\/p><\/li><\/ul><p data-start=\"1733\" data-end=\"1922\">Estas perspectivas permiten un ejercicio <strong data-start=\"1774\" data-end=\"1816\">investigativo, exploratorio y creativo<\/strong>, orientado a la producci\u00f3n de nuevo conocimiento a partir de la pr\u00e1ctica, la reflexi\u00f3n y la colaboraci\u00f3n.<\/p>\t\t\t\t\t\t<\/div>\n\t\t\t\t<\/div>\n\t\t\t\t\t<\/div>\n\t\t<\/div>\n\t\t\t\t\t\t\t<\/div>\n\t\t<\/section>\n\t\t\t\t<section class=\"elementor-section elementor-top-section elementor-element elementor-element-39097e9 elementor-section-boxed elementor-section-height-default elementor-section-height-default\" data-id=\"39097e9\" data-element_type=\"section\">\n\t\t\t\t\t\t<div class=\"elementor-container elementor-column-gap-default\">\n\t\t\t\t\t<div class=\"elementor-column elementor-col-100 elementor-top-column elementor-element elementor-element-8c62687\" data-id=\"8c62687\" data-element_type=\"column\">\n\t\t\t<div class=\"elementor-widget-wrap elementor-element-populated\">\n\t\t\t\t\t\t\t\t<div class=\"elementor-element elementor-element-51e7432 elementor-widget elementor-widget-heading\" data-id=\"51e7432\" data-element_type=\"widget\" data-widget_type=\"heading.default\">\n\t\t\t\t<div class=\"elementor-widget-container\">\n\t\t\t<h2 class=\"elementor-heading-title elementor-size-default\">\ud83d\udce6 Productos esperados<\/h2>\t\t<\/div>\n\t\t\t\t<\/div>\n\t\t\t\t\t<\/div>\n\t\t<\/div>\n\t\t\t\t\t\t\t<\/div>\n\t\t<\/section>\n\t\t\t\t<section class=\"elementor-section elementor-top-section elementor-element elementor-element-9c290a1 elementor-section-boxed elementor-section-height-default elementor-section-height-default\" data-id=\"9c290a1\" data-element_type=\"section\">\n\t\t\t\t\t\t<div class=\"elementor-container elementor-column-gap-default\">\n\t\t\t\t\t<div class=\"elementor-column elementor-col-100 elementor-top-column elementor-element elementor-element-4856d4a\" data-id=\"4856d4a\" data-element_type=\"column\">\n\t\t\t<div class=\"elementor-widget-wrap elementor-element-populated\">\n\t\t\t\t\t\t\t\t<div class=\"elementor-element elementor-element-af79276 elementor-widget elementor-widget-text-editor\" data-id=\"af79276\" data-element_type=\"widget\" data-widget_type=\"text-editor.default\">\n\t\t\t\t<div class=\"elementor-widget-container\">\n\t\t\t\t\t\t\t<p data-start=\"1961\" data-end=\"2028\">Los procesos investigativos de REDINT generan tres productos clave:<\/p><ol data-start=\"2030\" data-end=\"2283\"><li data-start=\"2030\" data-end=\"2098\"><p data-start=\"2033\" data-end=\"2098\">\ud83c\udfa8 <strong data-start=\"2036\" data-end=\"2057\">Producto creativo<\/strong> (obra audiovisual, podcast, mural, etc.)<\/p><\/li><li data-start=\"2099\" data-end=\"2168\"><p data-start=\"2102\" data-end=\"2168\">\ud83d\udcc4 <strong data-start=\"2105\" data-end=\"2129\">Documento de soporte<\/strong> (memoria metodol\u00f3gica e investigativa)<\/p><\/li><li data-start=\"2169\" data-end=\"2283\"><p data-start=\"2172\" data-end=\"2283\">\ud83e\udde9 <strong data-start=\"2175\" data-end=\"2199\">Pieza de apropiaci\u00f3n<\/strong> (elemento material que representa la apropiaci\u00f3n del conocimiento en el territorio)<\/p><\/li><\/ol>\t\t\t\t\t\t<\/div>\n\t\t\t\t<\/div>\n\t\t\t\t\t<\/div>\n\t\t<\/div>\n\t\t\t\t\t\t\t<\/div>\n\t\t<\/section>\n\t\t\t\t<section class=\"elementor-section elementor-top-section elementor-element elementor-element-a12154d elementor-section-boxed elementor-section-height-default elementor-section-height-default\" data-id=\"a12154d\" data-element_type=\"section\">\n\t\t\t\t\t\t<div class=\"elementor-container elementor-column-gap-default\">\n\t\t\t\t\t<div class=\"elementor-column elementor-col-100 elementor-top-column elementor-element elementor-element-8b8fd32\" data-id=\"8b8fd32\" data-element_type=\"column\">\n\t\t\t<div class=\"elementor-widget-wrap elementor-element-populated\">\n\t\t\t\t\t\t\t\t<div class=\"elementor-element elementor-element-3f9c01a elementor-widget elementor-widget-heading\" data-id=\"3f9c01a\" data-element_type=\"widget\" data-widget_type=\"heading.default\">\n\t\t\t\t<div class=\"elementor-widget-container\">\n\t\t\t<h2 class=\"elementor-heading-title elementor-size-default\">\ud83c\udf0d Objetivos REDINT<\/h2>\t\t<\/div>\n\t\t\t\t<\/div>\n\t\t\t\t\t<\/div>\n\t\t<\/div>\n\t\t\t\t\t\t\t<\/div>\n\t\t<\/section>\n\t\t\t\t<section class=\"elementor-section elementor-top-section elementor-element elementor-element-d7de244 elementor-section-boxed elementor-section-height-default elementor-section-height-default\" data-id=\"d7de244\" data-element_type=\"section\">\n\t\t\t\t\t\t<div class=\"elementor-container elementor-column-gap-default\">\n\t\t\t\t\t<div class=\"elementor-column elementor-col-100 elementor-top-column elementor-element elementor-element-825ea63\" data-id=\"825ea63\" data-element_type=\"column\">\n\t\t\t<div class=\"elementor-widget-wrap elementor-element-populated\">\n\t\t\t\t\t\t\t\t<div class=\"elementor-element elementor-element-da85b64 elementor-widget elementor-widget-text-editor\" data-id=\"da85b64\" data-element_type=\"widget\" data-widget_type=\"text-editor.default\">\n\t\t\t\t<div class=\"elementor-widget-container\">\n\t\t\t\t\t\t\t<p>\u2705 Aportar a la <strong data-start=\"2334\" data-end=\"2360\">alianza territorial<\/strong> a trav\u00e9s del reconocimiento de actores, problemas y estrategias colectivas.<br data-start=\"2436\" data-end=\"2439\" \/>\u2705 Fortalecer el <strong data-start=\"2455\" data-end=\"2473\">trabajo en red<\/strong> para la gesti\u00f3n del territorio entre organizaciones, academia y Estado.<br data-start=\"2545\" data-end=\"2548\" \/>\u2705 Impulsar el <strong data-start=\"2562\" data-end=\"2594\">reconocimiento y apropiaci\u00f3n<\/strong> de capacidades ciudadanas vinculadas al sistema de formaci\u00f3n.<br data-start=\"2656\" data-end=\"2659\" \/>\u2705 Desarrollar <strong data-start=\"2673\" data-end=\"2703\">habilidades investigativas<\/strong> para comprender y transformar el territorio.<br data-start=\"2748\" data-end=\"2751\" \/>\u2705 Incentivar procesos de <strong data-start=\"2776\" data-end=\"2797\">innovaci\u00f3n social<\/strong> que fortalezcan la participaci\u00f3n ciudadana.<\/p>\t\t\t\t\t\t<\/div>\n\t\t\t\t<\/div>\n\t\t\t\t\t<\/div>\n\t\t<\/div>\n\t\t\t\t\t\t\t<\/div>\n\t\t<\/section>\n\t\t\t\t<section class=\"elementor-section elementor-top-section elementor-element elementor-element-ca8166a elementor-section-boxed elementor-section-height-default elementor-section-height-default\" data-id=\"ca8166a\" data-element_type=\"section\">\n\t\t\t\t\t\t<div class=\"elementor-container elementor-column-gap-default\">\n\t\t\t\t\t<div class=\"elementor-column elementor-col-100 elementor-top-column elementor-element elementor-element-ba85b89\" data-id=\"ba85b89\" data-element_type=\"column\">\n\t\t\t<div class=\"elementor-widget-wrap elementor-element-populated\">\n\t\t\t\t\t\t\t\t<div class=\"elementor-element elementor-element-537cd66 elementor-widget elementor-widget-heading\" data-id=\"537cd66\" data-element_type=\"widget\" data-widget_type=\"heading.default\">\n\t\t\t\t<div class=\"elementor-widget-container\">\n\t\t\t<h2 class=\"elementor-heading-title elementor-size-default\">\ud83d\udce2 \u00bfQui\u00e9nes pueden participar?<\/h2>\t\t<\/div>\n\t\t\t\t<\/div>\n\t\t\t\t\t<\/div>\n\t\t<\/div>\n\t\t\t\t\t\t\t<\/div>\n\t\t<\/section>\n\t\t\t\t<section class=\"elementor-section elementor-top-section elementor-element elementor-element-fb5430b elementor-section-boxed elementor-section-height-default elementor-section-height-default\" data-id=\"fb5430b\" data-element_type=\"section\">\n\t\t\t\t\t\t<div class=\"elementor-container elementor-column-gap-default\">\n\t\t\t\t\t<div class=\"elementor-column elementor-col-100 elementor-top-column elementor-element elementor-element-abf1b72\" data-id=\"abf1b72\" data-element_type=\"column\">\n\t\t\t<div class=\"elementor-widget-wrap elementor-element-populated\">\n\t\t\t\t\t\t\t\t<div class=\"elementor-element elementor-element-d2c6548 elementor-widget elementor-widget-text-editor\" data-id=\"d2c6548\" data-element_type=\"widget\" data-widget_type=\"text-editor.default\">\n\t\t\t\t<div class=\"elementor-widget-container\">\n\t\t\t\t\t\t\t<ul><li data-start=\"2888\" data-end=\"2930\"><p data-start=\"2890\" data-end=\"2930\">Organizaciones sociales y comunitarias<\/p><\/li><li data-start=\"2931\" data-end=\"2968\"><p data-start=\"2933\" data-end=\"2968\">L\u00edderes y lideresas territoriales<\/p><\/li><li data-start=\"2969\" data-end=\"3002\"><p data-start=\"2971\" data-end=\"3002\">Investigadores independientes<\/p><\/li><li data-start=\"3003\" data-end=\"3034\"><p data-start=\"3005\" data-end=\"3034\">Estudiantes y universidades<\/p><\/li><li data-start=\"3035\" data-end=\"3090\"><p data-start=\"3037\" data-end=\"3090\">Servidores p\u00fablicos con inter\u00e9s en la participaci\u00f3n<\/p><\/li><\/ul>\t\t\t\t\t\t<\/div>\n\t\t\t\t<\/div>\n\t\t\t\t\t<\/div>\n\t\t<\/div>\n\t\t\t\t\t\t\t<\/div>\n\t\t<\/section>\n\t\t\t\t<section class=\"elementor-section elementor-top-section elementor-element elementor-element-e6c70a7 elementor-section-boxed elementor-section-height-default elementor-section-height-default\" data-id=\"e6c70a7\" data-element_type=\"section\">\n\t\t\t\t\t\t<div class=\"elementor-container elementor-column-gap-default\">\n\t\t\t\t\t<div class=\"elementor-column elementor-col-100 elementor-top-column elementor-element elementor-element-ee656ab\" data-id=\"ee656ab\" data-element_type=\"column\">\n\t\t\t<div class=\"elementor-widget-wrap elementor-element-populated\">\n\t\t\t\t\t\t\t\t<div class=\"elementor-element elementor-element-e7773e2 elementor-widget elementor-widget-heading\" data-id=\"e7773e2\" data-element_type=\"widget\" data-widget_type=\"heading.default\">\n\t\t\t\t<div class=\"elementor-widget-container\">\n\t\t\t<h2 class=\"elementor-heading-title elementor-size-default\">\u00bfC\u00f3mo ser parte de REDINT?\n<\/h2>\t\t<\/div>\n\t\t\t\t<\/div>\n\t\t\t\t\t<\/div>\n\t\t<\/div>\n\t\t\t\t\t\t\t<\/div>\n\t\t<\/section>\n\t\t\t\t<section class=\"elementor-section elementor-top-section elementor-element elementor-element-6de5bdf elementor-section-boxed elementor-section-height-default elementor-section-height-default\" data-id=\"6de5bdf\" data-element_type=\"section\">\n\t\t\t\t\t\t<div class=\"elementor-container elementor-column-gap-default\">\n\t\t\t\t\t<div class=\"elementor-column elementor-col-100 elementor-top-column elementor-element elementor-element-95eae69\" data-id=\"95eae69\" data-element_type=\"column\">\n\t\t\t<div class=\"elementor-widget-wrap elementor-element-populated\">\n\t\t\t\t\t\t\t\t<div class=\"elementor-element elementor-element-c010bdf elementor-widget elementor-widget-text-editor\" data-id=\"c010bdf\" data-element_type=\"widget\" data-widget_type=\"text-editor.default\">\n\t\t\t\t<div class=\"elementor-widget-container\">\n\t\t\t\t\t\t\t<p data-start=\"2919\" data-end=\"3215\">Si haces parte de una organizaci\u00f3n, colectivo o instituci\u00f3n educativa interesada en fortalecer la participaci\u00f3n ciudadana desde la investigaci\u00f3n, este es tu espacio. Vinc\u00falate, comparte tus experiencias, construye conocimiento desde el territorio y participa en esta red de aprendizaje colectivo.<\/p><p data-start=\"3217\" data-end=\"3296\">\u00a0<\/p>\t\t\t\t\t\t<\/div>\n\t\t\t\t<\/div>\n\t\t\t\t\t<\/div>\n\t\t<\/div>\n\t\t\t\t\t\t\t<\/div>\n\t\t<\/section>\n\t\t\t\t<section class=\"elementor-section elementor-top-section elementor-element elementor-element-e90cb7b elementor-section-boxed elementor-section-height-default elementor-section-height-default\" data-id=\"e90cb7b\" data-element_type=\"section\">\n\t\t\t\t\t\t<div class=\"elementor-container elementor-column-gap-default\">\n\t\t\t\t\t<div class=\"elementor-column elementor-col-100 elementor-top-column elementor-element elementor-element-0d2c608\" data-id=\"0d2c608\" data-element_type=\"column\">\n\t\t\t<div class=\"elementor-widget-wrap elementor-element-populated\">\n\t\t\t\t\t\t\t\t<div class=\"elementor-element elementor-element-d753fa5 elementor-widget elementor-widget-heading\" data-id=\"d753fa5\" data-element_type=\"widget\" data-widget_type=\"heading.default\">\n\t\t\t\t<div class=\"elementor-widget-container\">\n\t\t\t<h2 class=\"elementor-heading-title elementor-size-default\">\ud83e\udded Explora las experiencias de REDINT\n<\/h2>\t\t<\/div>\n\t\t\t\t<\/div>\n\t\t\t\t\t<\/div>\n\t\t<\/div>\n\t\t\t\t\t\t\t<\/div>\n\t\t<\/section>\n\t\t\t\t<section class=\"elementor-section elementor-top-section elementor-element elementor-element-f46cc7a elementor-section-boxed elementor-section-height-default elementor-section-height-default\" data-id=\"f46cc7a\" data-element_type=\"section\">\n\t\t\t\t\t\t<div class=\"elementor-container elementor-column-gap-default\">\n\t\t\t\t\t<div class=\"elementor-column elementor-col-33 elementor-top-column elementor-element elementor-element-b9d8330\" data-id=\"b9d8330\" data-element_type=\"column\">\n\t\t\t<div class=\"elementor-widget-wrap\">\n\t\t\t\t\t\t\t\t\t<\/div>\n\t\t<\/div>\n\t\t\t\t<div class=\"elementor-column elementor-col-33 elementor-top-column elementor-element elementor-element-6c387c0\" data-id=\"6c387c0\" data-element_type=\"column\">\n\t\t\t<div class=\"elementor-widget-wrap elementor-element-populated\">\n\t\t\t\t\t\t\t\t<div class=\"elementor-element elementor-element-8a93d05 elementor-widget elementor-widget-video\" data-id=\"8a93d05\" data-element_type=\"widget\" data-settings=\"{&quot;video_type&quot;:&quot;hosted&quot;,&quot;controls&quot;:&quot;yes&quot;}\" data-widget_type=\"video.default\">\n\t\t\t\t<div class=\"elementor-widget-container\">\n\t\t\t\t\t<div class=\"e-hosted-video elementor-wrapper elementor-open-inline\">\n\t\t\t\t\t<video class=\"elementor-video\" src=\"https:\/\/siciudadania.co\/wp-content\/uploads\/2025\/07\/IntroductorioREDINT.mp4\" controls=\"\" preload=\"metadata\" controlsList=\"nodownload\"><\/video>\n\t\t\t\t<\/div>\n\t\t\t\t<\/div>\n\t\t\t\t<\/div>\n\t\t\t\t\t<\/div>\n\t\t<\/div>\n\t\t\t\t<div class=\"elementor-column elementor-col-33 elementor-top-column elementor-element elementor-element-ac4cae4\" data-id=\"ac4cae4\" data-element_type=\"column\">\n\t\t\t<div class=\"elementor-widget-wrap\">\n\t\t\t\t\t\t\t\t\t<\/div>\n\t\t<\/div>\n\t\t\t\t\t\t\t<\/div>\n\t\t<\/section>\n\t\t\t\t<section class=\"elementor-section elementor-top-section elementor-element elementor-element-69ee2e0 elementor-section-boxed elementor-section-height-default elementor-section-height-default\" data-id=\"69ee2e0\" data-element_type=\"section\">\n\t\t\t\t\t\t<div class=\"elementor-container elementor-column-gap-default\">\n\t\t\t\t\t<div class=\"elementor-column elementor-col-100 elementor-top-column elementor-element elementor-element-d1db5dc\" data-id=\"d1db5dc\" data-element_type=\"column\">\n\t\t\t<div class=\"elementor-widget-wrap elementor-element-populated\">\n\t\t\t\t\t\t\t\t<div class=\"elementor-element elementor-element-3c34388 elementor-widget elementor-widget-heading\" data-id=\"3c34388\" data-element_type=\"widget\" data-widget_type=\"heading.default\">\n\t\t\t\t<div class=\"elementor-widget-container\">\n\t\t\t<h2 class=\"elementor-heading-title elementor-size-default\">Reflexiones del concepto de Paz y memor\u00eda<\/h2>\t\t<\/div>\n\t\t\t\t<\/div>\n\t\t\t\t\t<\/div>\n\t\t<\/div>\n\t\t\t\t\t\t\t<\/div>\n\t\t<\/section>\n\t\t\t\t<section class=\"elementor-section elementor-top-section elementor-element elementor-element-f86cb3f elementor-section-boxed elementor-section-height-default elementor-section-height-default\" data-id=\"f86cb3f\" data-element_type=\"section\">\n\t\t\t\t\t\t<div class=\"elementor-container elementor-column-gap-default\">\n\t\t\t\t\t<div class=\"elementor-column elementor-col-33 elementor-top-column elementor-element elementor-element-cc59e40\" data-id=\"cc59e40\" data-element_type=\"column\">\n\t\t\t<div class=\"elementor-widget-wrap elementor-element-populated\">\n\t\t\t\t\t\t\t\t<div class=\"elementor-element elementor-element-cf05935 elementor-widget elementor-widget-heading\" data-id=\"cf05935\" data-element_type=\"widget\" data-widget_type=\"heading.default\">\n\t\t\t\t<div class=\"elementor-widget-container\">\n\t\t\t<h3 class=\"elementor-heading-title elementor-size-default\">Sue\u00f1os y Memoria<br>C3<\/h3>\t\t<\/div>\n\t\t\t\t<\/div>\n\t\t\t\t<div class=\"elementor-element elementor-element-374b9d1 elementor-widget__width-initial elementor-widget elementor-widget-video\" data-id=\"374b9d1\" data-element_type=\"widget\" data-settings=\"{&quot;video_type&quot;:&quot;hosted&quot;,&quot;controls&quot;:&quot;yes&quot;}\" data-widget_type=\"video.default\">\n\t\t\t\t<div class=\"elementor-widget-container\">\n\t\t\t\t\t<div class=\"e-hosted-video elementor-wrapper elementor-open-inline\">\n\t\t\t\t\t<video class=\"elementor-video\" src=\"https:\/\/siciudadania.co\/wp-content\/uploads\/2025\/07\/1.mp4\" controls=\"\" preload=\"auto\" controlsList=\"nodownload\" poster=\"https:\/\/siciudadania.co\/wp-content\/uploads\/2025\/07\/Audio.png\"><\/video>\n\t\t\t\t<\/div>\n\t\t\t\t<\/div>\n\t\t\t\t<\/div>\n\t\t\t\t\t<\/div>\n\t\t<\/div>\n\t\t\t\t<div class=\"elementor-column elementor-col-33 elementor-top-column elementor-element elementor-element-5aa4528\" data-id=\"5aa4528\" data-element_type=\"column\">\n\t\t\t<div class=\"elementor-widget-wrap elementor-element-populated\">\n\t\t\t\t\t\t\t\t<div class=\"elementor-element elementor-element-514c29c elementor-widget elementor-widget-heading\" data-id=\"514c29c\" data-element_type=\"widget\" data-widget_type=\"heading.default\">\n\t\t\t\t<div class=\"elementor-widget-container\">\n\t\t\t<h3 class=\"elementor-heading-title elementor-size-default\">Organizaci\u00f3n<br>C<\/h3>\t\t<\/div>\n\t\t\t\t<\/div>\n\t\t\t\t<div class=\"elementor-element elementor-element-764a8b8 elementor-widget__width-initial elementor-widget elementor-widget-video\" data-id=\"764a8b8\" data-element_type=\"widget\" data-settings=\"{&quot;video_type&quot;:&quot;hosted&quot;,&quot;controls&quot;:&quot;yes&quot;}\" data-widget_type=\"video.default\">\n\t\t\t\t<div class=\"elementor-widget-container\">\n\t\t\t\t\t<div class=\"e-hosted-video elementor-wrapper elementor-open-inline\">\n\t\t\t\t\t<video class=\"elementor-video\" src=\"https:\/\/siciudadania.co\/wp-content\/uploads\/2025\/07\/2.mp4\" controls=\"\" preload=\"metadata\" controlsList=\"nodownload\" poster=\"https:\/\/siciudadania.co\/wp-content\/uploads\/2025\/07\/Audio.png\"><\/video>\n\t\t\t\t<\/div>\n\t\t\t\t<\/div>\n\t\t\t\t<\/div>\n\t\t\t\t\t<\/div>\n\t\t<\/div>\n\t\t\t\t<div class=\"elementor-column elementor-col-33 elementor-top-column elementor-element elementor-element-ee73554\" data-id=\"ee73554\" data-element_type=\"column\">\n\t\t\t<div class=\"elementor-widget-wrap elementor-element-populated\">\n\t\t\t\t\t\t\t\t<div class=\"elementor-element elementor-element-fd4521f elementor-widget elementor-widget-heading\" data-id=\"fd4521f\" data-element_type=\"widget\" data-widget_type=\"heading.default\">\n\t\t\t\t<div class=\"elementor-widget-container\">\n\t\t\t<h3 class=\"elementor-heading-title elementor-size-default\">Mesa de V\u00edctimas y Conflicto Armado<\/h3>\t\t<\/div>\n\t\t\t\t<\/div>\n\t\t\t\t<div class=\"elementor-element elementor-element-15781da elementor-widget__width-initial elementor-widget elementor-widget-video\" data-id=\"15781da\" data-element_type=\"widget\" data-settings=\"{&quot;video_type&quot;:&quot;hosted&quot;,&quot;controls&quot;:&quot;yes&quot;}\" data-widget_type=\"video.default\">\n\t\t\t\t<div class=\"elementor-widget-container\">\n\t\t\t\t\t<div class=\"e-hosted-video elementor-wrapper elementor-open-inline\">\n\t\t\t\t\t<video class=\"elementor-video\" src=\"https:\/\/siciudadania.co\/wp-content\/uploads\/2025\/07\/3.mp4\" controls=\"\" preload=\"metadata\" controlsList=\"nodownload\" poster=\"https:\/\/siciudadania.co\/wp-content\/uploads\/2025\/07\/Audio.png\"><\/video>\n\t\t\t\t<\/div>\n\t\t\t\t<\/div>\n\t\t\t\t<\/div>\n\t\t\t\t\t<\/div>\n\t\t<\/div>\n\t\t\t\t\t\t\t<\/div>\n\t\t<\/section>\n\t\t\t\t<section class=\"elementor-section elementor-top-section elementor-element elementor-element-d5df77b elementor-section-boxed elementor-section-height-default elementor-section-height-default\" data-id=\"d5df77b\" data-element_type=\"section\">\n\t\t\t\t\t\t<div class=\"elementor-container elementor-column-gap-default\">\n\t\t\t\t\t<div class=\"elementor-column elementor-col-100 elementor-top-column elementor-element elementor-element-31582d3\" data-id=\"31582d3\" data-element_type=\"column\">\n\t\t\t<div class=\"elementor-widget-wrap elementor-element-populated\">\n\t\t\t\t\t\t\t\t<div class=\"elementor-element elementor-element-a37b3a8 elementor-widget elementor-widget-heading\" data-id=\"a37b3a8\" data-element_type=\"widget\" data-widget_type=\"heading.default\">\n\t\t\t\t<div class=\"elementor-widget-container\">\n\t\t\t<h2 class=\"elementor-heading-title elementor-size-default\">Boletin<\/h2>\t\t<\/div>\n\t\t\t\t<\/div>\n\t\t\t\t\t<\/div>\n\t\t<\/div>\n\t\t\t\t\t\t\t<\/div>\n\t\t<\/section>\n\t\t\t\t<section class=\"elementor-section elementor-top-section elementor-element elementor-element-e8cf01b elementor-section-boxed elementor-section-height-default elementor-section-height-default\" data-id=\"e8cf01b\" data-element_type=\"section\">\n\t\t\t\t\t\t<div class=\"elementor-container elementor-column-gap-default\">\n\t\t\t\t\t<div class=\"elementor-column elementor-col-33 elementor-top-column elementor-element elementor-element-422fc08\" data-id=\"422fc08\" data-element_type=\"column\">\n\t\t\t<div class=\"elementor-widget-wrap elementor-element-populated\">\n\t\t\t\t\t\t\t\t<div class=\"elementor-element elementor-element-8451cb5 elementor-widget elementor-widget-image\" data-id=\"8451cb5\" data-element_type=\"widget\" data-widget_type=\"image.default\">\n\t\t\t\t<div class=\"elementor-widget-container\">\n\t\t\t\t\t\t\t\t\t\t\t\t\t\t\t\t<a href=\"https:\/\/siciudadania.co\/wp-content\/uploads\/2025\/07\/boletin-N1.jpeg\" data-elementor-open-lightbox=\"yes\" data-elementor-lightbox-title=\"Boletin N\u00b01\" data-elementor-lightbox-description=\"Boletin N\u00b01\" data-e-action-hash=\"#elementor-action%3Aaction%3Dlightbox%26settings%3DeyJpZCI6NjQzMywidXJsIjoiaHR0cHM6XC9cL3NpY2l1ZGFkYW5pYS5jb1wvd3AtY29udGVudFwvdXBsb2Fkc1wvMjAyNVwvMDdcL2JvbGV0aW4tTjEuanBlZyJ9\">\n\t\t\t\t\t\t\t<img fetchpriority=\"high\" decoding=\"async\" width=\"640\" height=\"853\" src=\"https:\/\/siciudadania.co\/wp-content\/uploads\/2025\/07\/boletin-N1-768x1024.jpeg\" class=\"attachment-large size-large wp-image-6433\" alt=\"Boletin N\u00b01\" srcset=\"https:\/\/siciudadania.co\/wp-content\/uploads\/2025\/07\/boletin-N1-768x1024.jpeg 768w, https:\/\/siciudadania.co\/wp-content\/uploads\/2025\/07\/boletin-N1-225x300.jpeg 225w, https:\/\/siciudadania.co\/wp-content\/uploads\/2025\/07\/boletin-N1-1152x1536.jpeg 1152w, https:\/\/siciudadania.co\/wp-content\/uploads\/2025\/07\/boletin-N1.jpeg 1200w\" sizes=\"(max-width: 640px) 100vw, 640px\" \/>\t\t\t\t\t\t\t\t<\/a>\n\t\t\t\t\t\t\t\t\t\t\t\t\t\t\t<\/div>\n\t\t\t\t<\/div>\n\t\t\t\t\t<\/div>\n\t\t<\/div>\n\t\t\t\t<div class=\"elementor-column elementor-col-33 elementor-top-column elementor-element elementor-element-933f2be\" data-id=\"933f2be\" data-element_type=\"column\">\n\t\t\t<div class=\"elementor-widget-wrap\">\n\t\t\t\t\t\t\t\t\t<\/div>\n\t\t<\/div>\n\t\t\t\t<div class=\"elementor-column elementor-col-33 elementor-top-column elementor-element elementor-element-d399eb3\" data-id=\"d399eb3\" data-element_type=\"column\">\n\t\t\t<div class=\"elementor-widget-wrap\">\n\t\t\t\t\t\t\t\t\t<\/div>\n\t\t<\/div>\n\t\t\t\t\t\t\t<\/div>\n\t\t<\/section>\n\t\t\t\t\t\t\t<\/div>\n\t\t","protected":false},"excerpt":{"rendered":"<p>Una apuesta colectiva por la investigaci\u00f3n ciudadana y la transformaci\u00f3n del territorio \ud83d\udccc \u00bfQu\u00e9 es REDINT? La Red de Investigadores Territoriales \u2013REDINT\u2013 es una estrategia de desarrollo de capacidades ciudadanas orientada a la apropiaci\u00f3n social del conocimiento. Nace como una apuesta conjunta entre organizaciones sociales, universidades y la administraci\u00f3n p\u00fablica para reconocer, documentar y compartir<\/p>\n","protected":false},"author":1,"featured_media":6399,"comment_status":"open","ping_status":"open","sticky":false,"template":"","format":"standard","meta":{"footnotes":""},"categories":[134],"tags":[135],"class_list":["post-6394","post","type-post","status-publish","format-standard","has-post-thumbnail","hentry","category-redin","tag-redint"],"yoast_head":"<!-- This site is optimized with the Yoast SEO plugin v21.5 - https:\/\/yoast.com\/wordpress\/plugins\/seo\/ -->\n<title>REDINT -<\/title>\n<meta name=\"robots\" content=\"index, follow, max-snippet:-1, max-image-preview:large, max-video-preview:-1\" \/>\n<link rel=\"canonical\" href=\"https:\/\/siciudadania.co\/2025\/07\/18\/redin\/\" \/>\n<meta property=\"og:locale\" content=\"es_ES\" \/>\n<meta property=\"og:type\" content=\"article\" \/>\n<meta property=\"og:title\" content=\"REDINT -\" \/>\n<meta property=\"og:description\" content=\"Una apuesta colectiva por la investigaci\u00f3n ciudadana y la transformaci\u00f3n del territorio \ud83d\udccc \u00bfQu\u00e9 es REDINT? La Red de Investigadores Territoriales \u2013REDINT\u2013 es una estrategia de desarrollo de capacidades ciudadanas orientada a la apropiaci\u00f3n social del conocimiento. Nace como una apuesta conjunta entre organizaciones sociales, universidades y la administraci\u00f3n p\u00fablica para reconocer, documentar y compartir\" \/>\n<meta property=\"og:url\" content=\"https:\/\/siciudadania.co\/2025\/07\/18\/redin\/\" \/>\n<meta property=\"article:published_time\" content=\"2025-07-18T17:41:39+00:00\" \/>\n<meta property=\"article:modified_time\" content=\"2026-04-28T17:58:41+00:00\" \/>\n<meta property=\"og:image\" content=\"https:\/\/siciudadania.co\/wp-content\/uploads\/2025\/07\/PanelREDIN-e1752958484401.jpeg\" \/>\n\t<meta property=\"og:image:width\" content=\"1000\" \/>\n\t<meta property=\"og:image:height\" content=\"563\" \/>\n\t<meta property=\"og:image:type\" content=\"image\/jpeg\" \/>\n<meta name=\"author\" content=\"admin_siciudadania\" \/>\n<meta name=\"twitter:card\" content=\"summary_large_image\" \/>\n<meta name=\"twitter:label1\" content=\"Escrito por\" \/>\n\t<meta name=\"twitter:data1\" content=\"admin_siciudadania\" \/>\n\t<meta name=\"twitter:label2\" content=\"Tiempo de lectura\" \/>\n\t<meta name=\"twitter:data2\" content=\"3 minutos\" \/>\n<script type=\"application\/ld+json\" class=\"yoast-schema-graph\">{\"@context\":\"https:\/\/schema.org\",\"@graph\":[{\"@type\":\"WebPage\",\"@id\":\"https:\/\/siciudadania.co\/2025\/07\/18\/redin\/\",\"url\":\"https:\/\/siciudadania.co\/2025\/07\/18\/redin\/\",\"name\":\"REDINT -\",\"isPartOf\":{\"@id\":\"https:\/\/siciudadania.co\/#website\"},\"datePublished\":\"2025-07-18T17:41:39+00:00\",\"dateModified\":\"2026-04-28T17:58:41+00:00\",\"author\":{\"@id\":\"https:\/\/siciudadania.co\/#\/schema\/person\/3e464ad406eaa09a2ebc5177d6015319\"},\"breadcrumb\":{\"@id\":\"https:\/\/siciudadania.co\/2025\/07\/18\/redin\/#breadcrumb\"},\"inLanguage\":\"es\",\"potentialAction\":[{\"@type\":\"ReadAction\",\"target\":[\"https:\/\/siciudadania.co\/2025\/07\/18\/redin\/\"]}]},{\"@type\":\"BreadcrumbList\",\"@id\":\"https:\/\/siciudadania.co\/2025\/07\/18\/redin\/#breadcrumb\",\"itemListElement\":[{\"@type\":\"ListItem\",\"position\":1,\"name\":\"Portada\",\"item\":\"https:\/\/siciudadania.co\/\"},{\"@type\":\"ListItem\",\"position\":2,\"name\":\"REDINT\"}]},{\"@type\":\"WebSite\",\"@id\":\"https:\/\/siciudadania.co\/#website\",\"url\":\"https:\/\/siciudadania.co\/\",\"name\":\"\",\"description\":\"\",\"potentialAction\":[{\"@type\":\"SearchAction\",\"target\":{\"@type\":\"EntryPoint\",\"urlTemplate\":\"https:\/\/siciudadania.co\/?s={search_term_string}\"},\"query-input\":\"required name=search_term_string\"}],\"inLanguage\":\"es\"},{\"@type\":\"Person\",\"@id\":\"https:\/\/siciudadania.co\/#\/schema\/person\/3e464ad406eaa09a2ebc5177d6015319\",\"name\":\"admin_siciudadania\",\"image\":{\"@type\":\"ImageObject\",\"inLanguage\":\"es\",\"@id\":\"https:\/\/siciudadania.co\/#\/schema\/person\/image\/\",\"url\":\"https:\/\/secure.gravatar.com\/avatar\/c4e8e447469c7360494445e3c2a19234a533e992b29d775da96fa20efe7d6e9f?s=96&d=mm&r=g\",\"contentUrl\":\"https:\/\/secure.gravatar.com\/avatar\/c4e8e447469c7360494445e3c2a19234a533e992b29d775da96fa20efe7d6e9f?s=96&d=mm&r=g\",\"caption\":\"admin_siciudadania\"},\"sameAs\":[\"https:\/\/siciudadania.co\"],\"url\":\"https:\/\/siciudadania.co\/author\/admin_siciudadania\/\"}]}<\/script>\n<!-- \/ Yoast SEO plugin. -->","yoast_head_json":{"title":"REDINT -","robots":{"index":"index","follow":"follow","max-snippet":"max-snippet:-1","max-image-preview":"max-image-preview:large","max-video-preview":"max-video-preview:-1"},"canonical":"https:\/\/siciudadania.co\/2025\/07\/18\/redin\/","og_locale":"es_ES","og_type":"article","og_title":"REDINT -","og_description":"Una apuesta colectiva por la investigaci\u00f3n ciudadana y la transformaci\u00f3n del territorio \ud83d\udccc \u00bfQu\u00e9 es REDINT? La Red de Investigadores Territoriales \u2013REDINT\u2013 es una estrategia de desarrollo de capacidades ciudadanas orientada a la apropiaci\u00f3n social del conocimiento. Nace como una apuesta conjunta entre organizaciones sociales, universidades y la administraci\u00f3n p\u00fablica para reconocer, documentar y compartir","og_url":"https:\/\/siciudadania.co\/2025\/07\/18\/redin\/","article_published_time":"2025-07-18T17:41:39+00:00","article_modified_time":"2026-04-28T17:58:41+00:00","og_image":[{"width":1000,"height":563,"url":"https:\/\/siciudadania.co\/wp-content\/uploads\/2025\/07\/PanelREDIN-e1752958484401.jpeg","type":"image\/jpeg"}],"author":"admin_siciudadania","twitter_card":"summary_large_image","twitter_misc":{"Escrito por":"admin_siciudadania","Tiempo de lectura":"3 minutos"},"schema":{"@context":"https:\/\/schema.org","@graph":[{"@type":"WebPage","@id":"https:\/\/siciudadania.co\/2025\/07\/18\/redin\/","url":"https:\/\/siciudadania.co\/2025\/07\/18\/redin\/","name":"REDINT -","isPartOf":{"@id":"https:\/\/siciudadania.co\/#website"},"datePublished":"2025-07-18T17:41:39+00:00","dateModified":"2026-04-28T17:58:41+00:00","author":{"@id":"https:\/\/siciudadania.co\/#\/schema\/person\/3e464ad406eaa09a2ebc5177d6015319"},"breadcrumb":{"@id":"https:\/\/siciudadania.co\/2025\/07\/18\/redin\/#breadcrumb"},"inLanguage":"es","potentialAction":[{"@type":"ReadAction","target":["https:\/\/siciudadania.co\/2025\/07\/18\/redin\/"]}]},{"@type":"BreadcrumbList","@id":"https:\/\/siciudadania.co\/2025\/07\/18\/redin\/#breadcrumb","itemListElement":[{"@type":"ListItem","position":1,"name":"Portada","item":"https:\/\/siciudadania.co\/"},{"@type":"ListItem","position":2,"name":"REDINT"}]},{"@type":"WebSite","@id":"https:\/\/siciudadania.co\/#website","url":"https:\/\/siciudadania.co\/","name":"","description":"","potentialAction":[{"@type":"SearchAction","target":{"@type":"EntryPoint","urlTemplate":"https:\/\/siciudadania.co\/?s={search_term_string}"},"query-input":"required name=search_term_string"}],"inLanguage":"es"},{"@type":"Person","@id":"https:\/\/siciudadania.co\/#\/schema\/person\/3e464ad406eaa09a2ebc5177d6015319","name":"admin_siciudadania","image":{"@type":"ImageObject","inLanguage":"es","@id":"https:\/\/siciudadania.co\/#\/schema\/person\/image\/","url":"https:\/\/secure.gravatar.com\/avatar\/c4e8e447469c7360494445e3c2a19234a533e992b29d775da96fa20efe7d6e9f?s=96&d=mm&r=g","contentUrl":"https:\/\/secure.gravatar.com\/avatar\/c4e8e447469c7360494445e3c2a19234a533e992b29d775da96fa20efe7d6e9f?s=96&d=mm&r=g","caption":"admin_siciudadania"},"sameAs":["https:\/\/siciudadania.co"],"url":"https:\/\/siciudadania.co\/author\/admin_siciudadania\/"}]}},"_links":{"self":[{"href":"https:\/\/siciudadania.co\/wp-json\/wp\/v2\/posts\/6394","targetHints":{"allow":["GET"]}}],"collection":[{"href":"https:\/\/siciudadania.co\/wp-json\/wp\/v2\/posts"}],"about":[{"href":"https:\/\/siciudadania.co\/wp-json\/wp\/v2\/types\/post"}],"author":[{"embeddable":true,"href":"https:\/\/siciudadania.co\/wp-json\/wp\/v2\/users\/1"}],"replies":[{"embeddable":true,"href":"https:\/\/siciudadania.co\/wp-json\/wp\/v2\/comments?post=6394"}],"version-history":[{"count":35,"href":"https:\/\/siciudadania.co\/wp-json\/wp\/v2\/posts\/6394\/revisions"}],"predecessor-version":[{"id":6519,"href":"https:\/\/siciudadania.co\/wp-json\/wp\/v2\/posts\/6394\/revisions\/6519"}],"wp:featuredmedia":[{"embeddable":true,"href":"https:\/\/siciudadania.co\/wp-json\/wp\/v2\/media\/6399"}],"wp:attachment":[{"href":"https:\/\/siciudadania.co\/wp-json\/wp\/v2\/media?parent=6394"}],"wp:term":[{"taxonomy":"category","embeddable":true,"href":"https:\/\/siciudadania.co\/wp-json\/wp\/v2\/categories?post=6394"},{"taxonomy":"post_tag","embeddable":true,"href":"https:\/\/siciudadania.co\/wp-json\/wp\/v2\/tags?post=6394"}],"curies":[{"name":"wp","href":"https:\/\/api.w.org\/{rel}","templated":true}]}}