{"id":6199,"date":"2024-12-09T03:13:28","date_gmt":"2024-12-09T03:13:28","guid":{"rendered":"https:\/\/siciudadania.co\/?p=6199"},"modified":"2024-12-19T03:18:57","modified_gmt":"2024-12-19T03:18:57","slug":"agendas-ciudadanas","status":"publish","type":"post","link":"https:\/\/siciudadania.co\/2024\/12\/09\/agendas-ciudadanas\/","title":{"rendered":"Agendas Ciudadanas"},"content":{"rendered":"\t\t<div data-elementor-type=\"wp-post\" data-elementor-id=\"6199\" class=\"elementor elementor-6199\">\n\t\t\t\t\t\t\t\t\t<section class=\"elementor-section elementor-top-section elementor-element elementor-element-1fc25af elementor-section-boxed elementor-section-height-default elementor-section-height-default\" data-id=\"1fc25af\" data-element_type=\"section\">\n\t\t\t\t\t\t<div class=\"elementor-container elementor-column-gap-default\">\n\t\t\t\t\t<div class=\"elementor-column elementor-col-100 elementor-top-column elementor-element elementor-element-c705417\" data-id=\"c705417\" data-element_type=\"column\">\n\t\t\t<div class=\"elementor-widget-wrap elementor-element-populated\">\n\t\t\t\t\t\t\t\t<div class=\"elementor-element elementor-element-7ece207 elementor-widget elementor-widget-text-editor\" data-id=\"7ece207\" data-element_type=\"widget\" data-widget_type=\"text-editor.default\">\n\t\t\t\t<div class=\"elementor-widget-container\">\n\t\t\t\t\t\t\t<p>Propuestas tem\u00e1ticas de inter\u00e9s p\u00fablico\ud83d\udcda, que impulsan nuevas tendencias y promueven el reconocimiento y la ampliaci\u00f3n de derechos para grupos poblacionales con reivindicaciones identitarias emergentes. O bien, un eje tem\u00e1tico ya existente que se sit\u00faa, se analiza y se dinamiza en un lugar o contexto espec\u00edfico\ud83d\udccd. El prop\u00f3sito de las agendas ciudadanas, es desarrollar procesos de resistencia social orientados a lograr transformaciones territoriales, espaciales y\/o simb\u00f3licas, respondiendo a las necesidades y aspiraciones de las comunidades en su b\u00fasqueda por justicia y equidad\u2696\ufe0f.<\/p><p>En 2024, monitoreamos varias agendas \u2b07\ufe0f:<\/p>\t\t\t\t\t\t<\/div>\n\t\t\t\t<\/div>\n\t\t\t\t\t<\/div>\n\t\t<\/div>\n\t\t\t\t\t\t\t<\/div>\n\t\t<\/section>\n\t\t\t\t<section class=\"elementor-section elementor-top-section elementor-element elementor-element-75206bb elementor-section-boxed elementor-section-height-default elementor-section-height-default\" data-id=\"75206bb\" data-element_type=\"section\">\n\t\t\t\t\t\t<div class=\"elementor-container elementor-column-gap-default\">\n\t\t\t\t\t<div class=\"elementor-column elementor-col-100 elementor-top-column elementor-element elementor-element-e6ecbaf\" data-id=\"e6ecbaf\" data-element_type=\"column\">\n\t\t\t<div class=\"elementor-widget-wrap elementor-element-populated\">\n\t\t\t\t\t\t\t\t<div class=\"elementor-element elementor-element-76f2043 elementor-widget elementor-widget-heading\" data-id=\"76f2043\" data-element_type=\"widget\" data-widget_type=\"heading.default\">\n\t\t\t\t<div class=\"elementor-widget-container\">\n\t\t\t<h3 class=\"elementor-heading-title elementor-size-default\">Explotaci\u00f3n Sexual Comercial de Ni\u00f1os, Ni\u00f1as y Adolescentes (ESCNNA) en Medell\u00edn<\/h3>\t\t<\/div>\n\t\t\t\t<\/div>\n\t\t\t\t\t<\/div>\n\t\t<\/div>\n\t\t\t\t\t\t\t<\/div>\n\t\t<\/section>\n\t\t\t\t<section class=\"elementor-section elementor-top-section elementor-element elementor-element-fc644f9 elementor-section-boxed elementor-section-height-default elementor-section-height-default\" data-id=\"fc644f9\" data-element_type=\"section\">\n\t\t\t\t\t\t<div class=\"elementor-container elementor-column-gap-default\">\n\t\t\t\t\t<div class=\"elementor-column elementor-col-100 elementor-top-column elementor-element elementor-element-01e6f4f\" data-id=\"01e6f4f\" data-element_type=\"column\">\n\t\t\t<div class=\"elementor-widget-wrap elementor-element-populated\">\n\t\t\t\t\t\t\t\t<div class=\"elementor-element elementor-element-6c2fb46 elementor-widget elementor-widget-text-editor\" data-id=\"6c2fb46\" data-element_type=\"widget\" data-widget_type=\"text-editor.default\">\n\t\t\t\t<div class=\"elementor-widget-container\">\n\t\t\t\t\t\t\t<!DOCTYPE html>\n<html lang=\"es\">\n<head>\n    <meta charset=\"UTF-8\">\n    <meta name=\"viewport\" content=\"width=device-width, initial-scale=1.0\">\n    <title>Tabla Mejorada<\/title>\n    <style>\n        body {\n            font-family: Arial, sans-serif;\n            margin: 20px;\n            background-color: #f9f9f9;\n            color: #333;\n        }\n        table {\n            width: 100%;\n            max-width: 800px;\n            margin: 20px auto;\n            border-collapse: collapse;\n            background-color: #fff;\n            box-shadow: 0 4px 8px rgba(0, 0, 0, 0.1);\n        }\n        th, td {\n            padding: 12px 15px;\n            border: 1px solid #ddd;\n            text-align: left;\n        }\n        th {\n            background-color: #A5D6A7; \/* Verde c\u00e1lido *\/\n            color: #333;\n            text-transform: uppercase;\n            font-weight: bold;\n        }\n        td {\n            font-size: 14px;\n            color: #555;\n        }\n        tr:nth-child(even) {\n            background-color: #f4f4f4;\n        }\n        tr:hover {\n            background-color: #e9f5ff;\n        }\n        .download-link {\n            color: #007BFF;\n            text-decoration: none;\n            font-weight: bold;\n        }\n        .download-link:hover {\n            text-decoration: underline;\n        }\n    <\/style>\n<\/head>\n<body>\n    <table>\n        <tbody>\n            <tr>\n                <th>Fecha de Observaci\u00f3n<\/th>\n                <td>Desde noviembre de 2024, en el marco del Congreso Internacional &#8220;Todos los Protegemos&#8221;, realizado entre el 18 y 20 de noviembre<\/td>\n            <\/tr>\n            <tr>\n                <th>Tema Central<\/th>\n                <td>ESCNNA en la ciudad de Medell\u00edn<\/td>\n            <\/tr>\n            <tr>\n                <th>Subtemas Relevantes<\/th>\n                <td>Prevenci\u00f3n y erradicaci\u00f3n de la ESCNNA en la ciudad de Medell\u00edn<\/td>\n            <\/tr>\n            <tr>\n                <th>Descargar Informe<\/th>\n                <td>\n                    <a class=\"download-link\" href=\"https:\/\/siciudadania.co\/wp-content\/uploads\/2024\/12\/141224_MonitoESCNNAenMED.pdf\" download>\n                        Haga clic aqu\u00ed para descargar el PDF\n                    <\/a>\n                <\/td>\n            <\/tr>\n        <\/tbody>\n    <\/table>\n<\/body>\n<\/html>\n\t\t\t\t\t\t<\/div>\n\t\t\t\t<\/div>\n\t\t\t\t\t<\/div>\n\t\t<\/div>\n\t\t\t\t\t\t\t<\/div>\n\t\t<\/section>\n\t\t\t\t<section class=\"elementor-section elementor-top-section elementor-element elementor-element-d9730a6 elementor-section-boxed elementor-section-height-default elementor-section-height-default\" data-id=\"d9730a6\" data-element_type=\"section\">\n\t\t\t\t\t\t<div class=\"elementor-container elementor-column-gap-default\">\n\t\t\t\t\t<div class=\"elementor-column elementor-col-100 elementor-top-column elementor-element elementor-element-3f6c209\" data-id=\"3f6c209\" data-element_type=\"column\">\n\t\t\t<div class=\"elementor-widget-wrap elementor-element-populated\">\n\t\t\t\t\t\t\t\t<div class=\"elementor-element elementor-element-2b8a879 elementor-widget elementor-widget-heading\" data-id=\"2b8a879\" data-element_type=\"widget\" data-widget_type=\"heading.default\">\n\t\t\t\t<div class=\"elementor-widget-container\">\n\t\t\t<h3 class=\"elementor-heading-title elementor-size-default\">Reestructuraci\u00f3n secretaria de las Mujeres Gobernaci\u00f3n de Antioquia.<\/h3>\t\t<\/div>\n\t\t\t\t<\/div>\n\t\t\t\t\t<\/div>\n\t\t<\/div>\n\t\t\t\t\t\t\t<\/div>\n\t\t<\/section>\n\t\t\t\t<section class=\"elementor-section elementor-top-section elementor-element elementor-element-32a19a3 elementor-section-boxed elementor-section-height-default elementor-section-height-default\" data-id=\"32a19a3\" data-element_type=\"section\">\n\t\t\t\t\t\t<div class=\"elementor-container elementor-column-gap-default\">\n\t\t\t\t\t<div class=\"elementor-column elementor-col-100 elementor-top-column elementor-element elementor-element-022cdba\" data-id=\"022cdba\" data-element_type=\"column\">\n\t\t\t<div class=\"elementor-widget-wrap elementor-element-populated\">\n\t\t\t\t\t\t\t\t<div class=\"elementor-element elementor-element-25b9d42 elementor-widget elementor-widget-text-editor\" data-id=\"25b9d42\" data-element_type=\"widget\" data-widget_type=\"text-editor.default\">\n\t\t\t\t<div class=\"elementor-widget-container\">\n\t\t\t\t\t\t\t<!DOCTYPE html>\n<html lang=\"es\">\n<head>\n    <meta charset=\"UTF-8\">\n    <meta name=\"viewport\" content=\"width=device-width, initial-scale=1.0\">\n    <title>Tabla Mejorada<\/title>\n    <style>\n        body {\n            font-family: Arial, sans-serif;\n            margin: 20px;\n            background-color: #f9f9f9;\n            color: #333;\n        }\n        table {\n            width: 100%;\n            max-width: 800px;\n            margin: 20px auto;\n            border-collapse: collapse;\n            background-color: #fff;\n            box-shadow: 0 4px 8px rgba(0, 0, 0, 0.1);\n        }\n        th, td {\n            padding: 12px 15px;\n            border: 1px solid #ddd;\n            text-align: left;\n        }\n        th {\n            background-color: #A5D6A7; \/* Verde c\u00e1lido *\/\n            color: #333;\n            text-transform: uppercase;\n            font-weight: bold;\n        }\n        td {\n            font-size: 14px;\n            color: #555;\n        }\n        tr:nth-child(even) {\n            background-color: #f4f4f4;\n        }\n        tr:hover {\n            background-color: #e9f5ff;\n        }\n        .download-link {\n            color: #007BFF;\n            text-decoration: none;\n            font-weight: bold;\n        }\n        .download-link:hover {\n            text-decoration: underline;\n        }\n    <\/style>\n<\/head>\n<body>\n    <table>\n        <tbody>\n            <tr>\n                <th>Fecha de Observaci\u00f3n<\/th>\n                <td>De la semana del 8 de julio hasta el 18 de septiembre de 2024 tuvo una duraci\u00f3n de 48 d\u00edas.<\/td>\n            <\/tr>\n            <tr>\n                <th>Tema Central<\/th>\n                <td>Reestructuraci\u00f3n administrativa<\/td>\n            <\/tr>\n            <tr>\n                <th>Subtemas Relevantes<\/th>\n                <td>Reestructuraci\u00f3n de derechos, feminismo, cuidado, familismo, protesta social, di\u00e1logo social.<\/td>\n            <\/tr>\n            <tr>\n                <th>Descargar Informe<\/th>\n                <td>\n                    <a class=\"download-link\" href=\"https:\/\/siciudadania.co\/wp-content\/uploads\/2024\/12\/151224_MoniReesGob.pdf\" download>\n                        Haga clic aqu\u00ed para descargar el PDF\n                    <\/a>\n                <\/td>\n            <\/tr>\n        <\/tbody>\n    <\/table>\n<\/body>\n<\/html>\n\t\t\t\t\t\t<\/div>\n\t\t\t\t<\/div>\n\t\t\t\t\t<\/div>\n\t\t<\/div>\n\t\t\t\t\t\t\t<\/div>\n\t\t<\/section>\n\t\t\t\t<section class=\"elementor-section elementor-top-section elementor-element elementor-element-e775c45 elementor-section-boxed elementor-section-height-default elementor-section-height-default\" data-id=\"e775c45\" data-element_type=\"section\">\n\t\t\t\t\t\t<div class=\"elementor-container elementor-column-gap-default\">\n\t\t\t\t\t<div class=\"elementor-column elementor-col-100 elementor-top-column elementor-element elementor-element-74f5b17\" data-id=\"74f5b17\" data-element_type=\"column\">\n\t\t\t<div class=\"elementor-widget-wrap elementor-element-populated\">\n\t\t\t\t\t\t\t\t<div class=\"elementor-element elementor-element-995bd6f elementor-widget elementor-widget-heading\" data-id=\"995bd6f\" data-element_type=\"widget\" data-widget_type=\"heading.default\">\n\t\t\t\t<div class=\"elementor-widget-container\">\n\t\t\t<h3 class=\"elementor-heading-title elementor-size-default\">Violencias Basadas en G\u00e9nero en la Universidad de Antioquia<\/h3>\t\t<\/div>\n\t\t\t\t<\/div>\n\t\t\t\t\t<\/div>\n\t\t<\/div>\n\t\t\t\t\t\t\t<\/div>\n\t\t<\/section>\n\t\t\t\t<section class=\"elementor-section elementor-top-section elementor-element elementor-element-fced125 elementor-section-boxed elementor-section-height-default elementor-section-height-default\" data-id=\"fced125\" data-element_type=\"section\">\n\t\t\t\t\t\t<div class=\"elementor-container elementor-column-gap-default\">\n\t\t\t\t\t<div class=\"elementor-column elementor-col-100 elementor-top-column elementor-element elementor-element-061e0f1\" data-id=\"061e0f1\" data-element_type=\"column\">\n\t\t\t<div class=\"elementor-widget-wrap elementor-element-populated\">\n\t\t\t\t\t\t\t\t<div class=\"elementor-element elementor-element-5d2caf4 elementor-widget elementor-widget-text-editor\" data-id=\"5d2caf4\" data-element_type=\"widget\" data-widget_type=\"text-editor.default\">\n\t\t\t\t<div class=\"elementor-widget-container\">\n\t\t\t\t\t\t\t<!DOCTYPE html>\n<html lang=\"es\">\n<head>\n    <meta charset=\"UTF-8\">\n    <meta name=\"viewport\" content=\"width=device-width, initial-scale=1.0\">\n    <title>Tabla Mejorada<\/title>\n    <style>\n        body {\n            font-family: Arial, sans-serif;\n            margin: 20px;\n            background-color: #f9f9f9;\n            color: #333;\n        }\n        table {\n            width: 100%;\n            max-width: 800px;\n            margin: 20px auto;\n            border-collapse: collapse;\n            background-color: #fff;\n            box-shadow: 0 4px 8px rgba(0, 0, 0, 0.1);\n        }\n        th, td {\n            padding: 12px 15px;\n            border: 1px solid #ddd;\n            text-align: left;\n        }\n        th {\n            background-color: #A5D6A7; \/* Verde c\u00e1lido *\/\n            color: #333;\n            text-transform: uppercase;\n            font-weight: bold;\n        }\n        td {\n            font-size: 14px;\n            color: #555;\n        }\n        tr:nth-child(even) {\n            background-color: #f4f4f4;\n        }\n        tr:hover {\n            background-color: #e9f5ff;\n        }\n        .download-link {\n            color: #007BFF;\n            text-decoration: none;\n            font-weight: bold;\n        }\n        .download-link:hover {\n            text-decoration: underline;\n        }\n    <\/style>\n<\/head>\n<body>\n    <table>\n        <tbody>\n            <tr>\n                <th>Fecha de Observaci\u00f3n<\/th>\n                <td>El 13 de junio se llev\u00f3 a cabo en modalidad presencial, y a partir de esa fecha se continu\u00f3 de manera permanente.<\/td>\n            <\/tr>\n            <tr>\n                <th>Tema Central<\/th>\n                <td>Violencias Basadas en G\u00e9nero<\/td>\n            <\/tr>\n            <tr>\n                <th>Subtemas Relevantes<\/th>\n                <td>V\u00edctimas de segundo orden, v\u00edctimas, reparaci\u00f3n, estallido feminista, derechos humanos, feminismo y g\u00e9nero.<\/td>\n            <\/tr>\n            <tr>\n                <th>Descargar Informe<\/th>\n                <td>\n                    <a class=\"download-link\" href=\"https:\/\/siciudadania.co\/wp-content\/uploads\/2024\/12\/141224_MonitoVBGUdeA.pdf\" download>\n                        Haga clic aqu\u00ed para descargar el PDF\n                    <\/a>\n                <\/td>\n            <\/tr>\n        <\/tbody>\n    <\/table>\n<\/body>\n<\/html>\n\t\t\t\t\t\t<\/div>\n\t\t\t\t<\/div>\n\t\t\t\t\t<\/div>\n\t\t<\/div>\n\t\t\t\t\t\t\t<\/div>\n\t\t<\/section>\n\t\t\t\t\t\t\t<\/div>\n\t\t","protected":false},"excerpt":{"rendered":"<p>Propuestas tem\u00e1ticas de inter\u00e9s p\u00fablico\ud83d\udcda, que impulsan nuevas tendencias y promueven el reconocimiento y la ampliaci\u00f3n de derechos para grupos poblacionales con reivindicaciones identitarias emergentes. O bien, un eje tem\u00e1tico ya existente que se sit\u00faa, se analiza y se dinamiza en un lugar o contexto espec\u00edfico\ud83d\udccd. El prop\u00f3sito de las agendas ciudadanas, es desarrollar procesos<\/p>\n","protected":false},"author":1,"featured_media":6183,"comment_status":"open","ping_status":"open","sticky":false,"template":"","format":"standard","meta":{"footnotes":""},"categories":[125],"tags":[],"class_list":["post-6199","post","type-post","status-publish","format-standard","has-post-thumbnail","hentry","category-nuevas-ciudadanias"],"yoast_head":"<!-- This site is optimized with the Yoast SEO plugin v21.5 - https:\/\/yoast.com\/wordpress\/plugins\/seo\/ -->\n<title>Agendas Ciudadanas -<\/title>\n<meta name=\"robots\" content=\"index, follow, max-snippet:-1, max-image-preview:large, max-video-preview:-1\" \/>\n<link rel=\"canonical\" href=\"https:\/\/siciudadania.co\/2024\/12\/09\/agendas-ciudadanas\/\" \/>\n<meta property=\"og:locale\" content=\"es_ES\" \/>\n<meta property=\"og:type\" content=\"article\" \/>\n<meta property=\"og:title\" content=\"Agendas Ciudadanas -\" \/>\n<meta property=\"og:description\" content=\"Propuestas tem\u00e1ticas de inter\u00e9s p\u00fablico\ud83d\udcda, que impulsan nuevas tendencias y promueven el reconocimiento y la ampliaci\u00f3n de derechos para grupos poblacionales con reivindicaciones identitarias emergentes. O bien, un eje tem\u00e1tico ya existente que se sit\u00faa, se analiza y se dinamiza en un lugar o contexto espec\u00edfico\ud83d\udccd. El prop\u00f3sito de las agendas ciudadanas, es desarrollar procesos\" \/>\n<meta property=\"og:url\" content=\"https:\/\/siciudadania.co\/2024\/12\/09\/agendas-ciudadanas\/\" \/>\n<meta property=\"article:published_time\" content=\"2024-12-09T03:13:28+00:00\" \/>\n<meta property=\"article:modified_time\" content=\"2024-12-19T03:18:57+00:00\" \/>\n<meta property=\"og:image\" content=\"https:\/\/siciudadania.co\/wp-content\/uploads\/2024\/12\/AgendaCiudadana.png\" \/>\n\t<meta property=\"og:image:width\" content=\"270\" \/>\n\t<meta property=\"og:image:height\" content=\"218\" \/>\n\t<meta property=\"og:image:type\" content=\"image\/png\" \/>\n<meta name=\"author\" content=\"admin_siciudadania\" \/>\n<meta name=\"twitter:card\" content=\"summary_large_image\" \/>\n<meta name=\"twitter:label1\" content=\"Escrito por\" \/>\n\t<meta name=\"twitter:data1\" content=\"admin_siciudadania\" \/>\n\t<meta name=\"twitter:label2\" content=\"Tiempo de lectura\" \/>\n\t<meta name=\"twitter:data2\" content=\"1 minuto\" \/>\n<script type=\"application\/ld+json\" class=\"yoast-schema-graph\">{\"@context\":\"https:\/\/schema.org\",\"@graph\":[{\"@type\":\"WebPage\",\"@id\":\"https:\/\/siciudadania.co\/2024\/12\/09\/agendas-ciudadanas\/\",\"url\":\"https:\/\/siciudadania.co\/2024\/12\/09\/agendas-ciudadanas\/\",\"name\":\"Agendas Ciudadanas -\",\"isPartOf\":{\"@id\":\"https:\/\/siciudadania.co\/#website\"},\"datePublished\":\"2024-12-09T03:13:28+00:00\",\"dateModified\":\"2024-12-19T03:18:57+00:00\",\"author\":{\"@id\":\"https:\/\/siciudadania.co\/#\/schema\/person\/3e464ad406eaa09a2ebc5177d6015319\"},\"breadcrumb\":{\"@id\":\"https:\/\/siciudadania.co\/2024\/12\/09\/agendas-ciudadanas\/#breadcrumb\"},\"inLanguage\":\"es\",\"potentialAction\":[{\"@type\":\"ReadAction\",\"target\":[\"https:\/\/siciudadania.co\/2024\/12\/09\/agendas-ciudadanas\/\"]}]},{\"@type\":\"BreadcrumbList\",\"@id\":\"https:\/\/siciudadania.co\/2024\/12\/09\/agendas-ciudadanas\/#breadcrumb\",\"itemListElement\":[{\"@type\":\"ListItem\",\"position\":1,\"name\":\"Portada\",\"item\":\"https:\/\/siciudadania.co\/\"},{\"@type\":\"ListItem\",\"position\":2,\"name\":\"Agendas Ciudadanas\"}]},{\"@type\":\"WebSite\",\"@id\":\"https:\/\/siciudadania.co\/#website\",\"url\":\"https:\/\/siciudadania.co\/\",\"name\":\"\",\"description\":\"\",\"potentialAction\":[{\"@type\":\"SearchAction\",\"target\":{\"@type\":\"EntryPoint\",\"urlTemplate\":\"https:\/\/siciudadania.co\/?s={search_term_string}\"},\"query-input\":\"required name=search_term_string\"}],\"inLanguage\":\"es\"},{\"@type\":\"Person\",\"@id\":\"https:\/\/siciudadania.co\/#\/schema\/person\/3e464ad406eaa09a2ebc5177d6015319\",\"name\":\"admin_siciudadania\",\"image\":{\"@type\":\"ImageObject\",\"inLanguage\":\"es\",\"@id\":\"https:\/\/siciudadania.co\/#\/schema\/person\/image\/\",\"url\":\"https:\/\/secure.gravatar.com\/avatar\/c4e8e447469c7360494445e3c2a19234a533e992b29d775da96fa20efe7d6e9f?s=96&d=mm&r=g\",\"contentUrl\":\"https:\/\/secure.gravatar.com\/avatar\/c4e8e447469c7360494445e3c2a19234a533e992b29d775da96fa20efe7d6e9f?s=96&d=mm&r=g\",\"caption\":\"admin_siciudadania\"},\"sameAs\":[\"https:\/\/siciudadania.co\"],\"url\":\"https:\/\/siciudadania.co\/author\/admin_siciudadania\/\"}]}<\/script>\n<!-- \/ Yoast SEO plugin. -->","yoast_head_json":{"title":"Agendas Ciudadanas -","robots":{"index":"index","follow":"follow","max-snippet":"max-snippet:-1","max-image-preview":"max-image-preview:large","max-video-preview":"max-video-preview:-1"},"canonical":"https:\/\/siciudadania.co\/2024\/12\/09\/agendas-ciudadanas\/","og_locale":"es_ES","og_type":"article","og_title":"Agendas Ciudadanas -","og_description":"Propuestas tem\u00e1ticas de inter\u00e9s p\u00fablico\ud83d\udcda, que impulsan nuevas tendencias y promueven el reconocimiento y la ampliaci\u00f3n de derechos para grupos poblacionales con reivindicaciones identitarias emergentes. O bien, un eje tem\u00e1tico ya existente que se sit\u00faa, se analiza y se dinamiza en un lugar o contexto espec\u00edfico\ud83d\udccd. El prop\u00f3sito de las agendas ciudadanas, es desarrollar procesos","og_url":"https:\/\/siciudadania.co\/2024\/12\/09\/agendas-ciudadanas\/","article_published_time":"2024-12-09T03:13:28+00:00","article_modified_time":"2024-12-19T03:18:57+00:00","og_image":[{"width":270,"height":218,"url":"https:\/\/siciudadania.co\/wp-content\/uploads\/2024\/12\/AgendaCiudadana.png","type":"image\/png"}],"author":"admin_siciudadania","twitter_card":"summary_large_image","twitter_misc":{"Escrito por":"admin_siciudadania","Tiempo de lectura":"1 minuto"},"schema":{"@context":"https:\/\/schema.org","@graph":[{"@type":"WebPage","@id":"https:\/\/siciudadania.co\/2024\/12\/09\/agendas-ciudadanas\/","url":"https:\/\/siciudadania.co\/2024\/12\/09\/agendas-ciudadanas\/","name":"Agendas Ciudadanas -","isPartOf":{"@id":"https:\/\/siciudadania.co\/#website"},"datePublished":"2024-12-09T03:13:28+00:00","dateModified":"2024-12-19T03:18:57+00:00","author":{"@id":"https:\/\/siciudadania.co\/#\/schema\/person\/3e464ad406eaa09a2ebc5177d6015319"},"breadcrumb":{"@id":"https:\/\/siciudadania.co\/2024\/12\/09\/agendas-ciudadanas\/#breadcrumb"},"inLanguage":"es","potentialAction":[{"@type":"ReadAction","target":["https:\/\/siciudadania.co\/2024\/12\/09\/agendas-ciudadanas\/"]}]},{"@type":"BreadcrumbList","@id":"https:\/\/siciudadania.co\/2024\/12\/09\/agendas-ciudadanas\/#breadcrumb","itemListElement":[{"@type":"ListItem","position":1,"name":"Portada","item":"https:\/\/siciudadania.co\/"},{"@type":"ListItem","position":2,"name":"Agendas Ciudadanas"}]},{"@type":"WebSite","@id":"https:\/\/siciudadania.co\/#website","url":"https:\/\/siciudadania.co\/","name":"","description":"","potentialAction":[{"@type":"SearchAction","target":{"@type":"EntryPoint","urlTemplate":"https:\/\/siciudadania.co\/?s={search_term_string}"},"query-input":"required name=search_term_string"}],"inLanguage":"es"},{"@type":"Person","@id":"https:\/\/siciudadania.co\/#\/schema\/person\/3e464ad406eaa09a2ebc5177d6015319","name":"admin_siciudadania","image":{"@type":"ImageObject","inLanguage":"es","@id":"https:\/\/siciudadania.co\/#\/schema\/person\/image\/","url":"https:\/\/secure.gravatar.com\/avatar\/c4e8e447469c7360494445e3c2a19234a533e992b29d775da96fa20efe7d6e9f?s=96&d=mm&r=g","contentUrl":"https:\/\/secure.gravatar.com\/avatar\/c4e8e447469c7360494445e3c2a19234a533e992b29d775da96fa20efe7d6e9f?s=96&d=mm&r=g","caption":"admin_siciudadania"},"sameAs":["https:\/\/siciudadania.co"],"url":"https:\/\/siciudadania.co\/author\/admin_siciudadania\/"}]}},"_links":{"self":[{"href":"https:\/\/siciudadania.co\/wp-json\/wp\/v2\/posts\/6199","targetHints":{"allow":["GET"]}}],"collection":[{"href":"https:\/\/siciudadania.co\/wp-json\/wp\/v2\/posts"}],"about":[{"href":"https:\/\/siciudadania.co\/wp-json\/wp\/v2\/types\/post"}],"author":[{"embeddable":true,"href":"https:\/\/siciudadania.co\/wp-json\/wp\/v2\/users\/1"}],"replies":[{"embeddable":true,"href":"https:\/\/siciudadania.co\/wp-json\/wp\/v2\/comments?post=6199"}],"version-history":[{"count":14,"href":"https:\/\/siciudadania.co\/wp-json\/wp\/v2\/posts\/6199\/revisions"}],"predecessor-version":[{"id":6297,"href":"https:\/\/siciudadania.co\/wp-json\/wp\/v2\/posts\/6199\/revisions\/6297"}],"wp:featuredmedia":[{"embeddable":true,"href":"https:\/\/siciudadania.co\/wp-json\/wp\/v2\/media\/6183"}],"wp:attachment":[{"href":"https:\/\/siciudadania.co\/wp-json\/wp\/v2\/media?parent=6199"}],"wp:term":[{"taxonomy":"category","embeddable":true,"href":"https:\/\/siciudadania.co\/wp-json\/wp\/v2\/categories?post=6199"},{"taxonomy":"post_tag","embeddable":true,"href":"https:\/\/siciudadania.co\/wp-json\/wp\/v2\/tags?post=6199"}],"curies":[{"name":"wp","href":"https:\/\/api.w.org\/{rel}","templated":true}]}}