{"id":164,"date":"2019-08-29T03:36:23","date_gmt":"2019-08-29T03:36:23","guid":{"rendered":"https:\/\/testudearroba.udea.edu.co\/siciudadania2\/index.php\/2019\/08\/29\/seminarios\/"},"modified":"2023-11-18T22:16:55","modified_gmt":"2023-11-18T22:16:55","slug":"seminarios","status":"publish","type":"post","link":"https:\/\/siciudadania.co\/2019\/08\/29\/seminarios\/","title":{"rendered":"Seminarios"},"content":{"rendered":"<p><iframe style=\"display: block; margin-left: auto; margin-right: auto;\" src=\"https:\/\/www.youtube.com\/embed\/g8i80me4xM0\" width=\"560\" height=\"315\" frameborder=\"0\" allowfullscreen=\"allowfullscreen\"><\/iframe><\/p>\n<p style=\"text-align: justify;\">La Secretar\u00eda de Participaci\u00f3n Ciudadana contin\u00faa con su objetivo de cualificar la participaci\u00f3n en Medell\u00edn, poniendo en marcha el Seminario que posibilitar\u00e1 a la ciudadan\u00eda construir sus diferentes perspectivas para nutrir los an\u00e1lisis de los retos que tienen los asuntos participativos en la ciudad, por medio de un debate abierto y deliberativo, teniendo como marco el Sistema Municipal de Participaci\u00f3n Ciudadana.<\/p>\n<p style=\"text-align: justify;\">El objetivo es entregar a la ciudad un diagn\u00f3stico claro de los asuntos de participaci\u00f3n ciudadana que pueden mejorarse, mediante una ruta de trabajo que tenga como resultado la construcci\u00f3n de una Pol\u00edtica P\u00fablica de Participaci\u00f3n Ciudadana para Medell\u00edn.<\/p>\n<p style=\"text-align: justify;\">El Seminario Retos de la participaci\u00f3n en Medell\u00edn, hacia la construcci\u00f3n de una pol\u00edtica p\u00fablica est\u00e1 certificado por la Universidad de Antioquia y est\u00e1 dirigido a los diferentes actores participativos de la ciudad, as\u00ed como tambi\u00e9n a los servidores p\u00fablicos.<\/p>\n<p style=\"text-align: justify;\">Contempla la realizaci\u00f3n de cuatro sesiones con actores ciudadanos y cinco sesiones con servidores p\u00fablicos. En las cuatro horas de cada sesi\u00f3n, se examinan unas tem\u00e1ticas identificadas, asociadas a la participaci\u00f3n ciudadana, abordadas por especialistas.<\/p>\n<p style=\"text-align: justify;\">La primera sesi\u00f3n aborda las siguientes tem\u00e1ticas: conflicto armado, pr\u00e1cticas ilegales, narcotr\u00e1fico y protecci\u00f3n violenta, clientelismo, corrupci\u00f3n, vicios pol\u00edticos, exclusi\u00f3n, discriminaci\u00f3n, segregaci\u00f3n, inequidad y pobreza.<\/p>\n<p style=\"text-align: justify;\">La segunda, tratar\u00e1 la concentraci\u00f3n de las decisiones en un c\u00edrculo tecnocr\u00e1tico y pol\u00edtico cerrado, poco abierto a la voz ciudadana (apat\u00eda, desmotivaci\u00f3n y\/o falta de compromiso), d\u00e9bil estrategia comunicacional, de formaci\u00f3n y pedag\u00f3gica, d\u00e9bil arquitectura institucional (desarticulaci\u00f3n, debilidad o retroceso en el modelo democr\u00e1tico), as\u00ed como tambi\u00e9n la desconfianza frente a los procesos contractuales.<\/p>\n<p style=\"text-align: justify;\">En la tercera sesi\u00f3n se analizar\u00e1 la poca garant\u00eda del derecho a la participaci\u00f3n (dificultad en disponibilidad de tiempos, recursos y autonom\u00eda organizacional, precarios vol\u00famenes de informaci\u00f3n sobre el territorio al alcance de la poblaci\u00f3n, dificultad para acceder a nuevas tecnolog\u00edas), el bajo nivel de conocimiento del derecho a la participaci\u00f3n y los bajos niveles de capital social.<\/p>\n<p style=\"text-align: justify;\">La cuarta sesi\u00f3n estudiar\u00e1 el poco reconocimiento, confianza y aceptaci\u00f3n hacia la institucionalidad p\u00fablica por parte de la ciudadan\u00eda, la reciente desconfianza de\u00a0la ciudadan\u00eda entre s\u00ed, las instituciones formales de participaci\u00f3n, liderazgos autoritarios y auto-referenciados y la dificultad para articular intereses particulares y colectivos.<\/p>\n<p style=\"text-align: justify;\">Los servidores p\u00fablicos tendr\u00e1n una sesi\u00f3n introductoria, para aclarar qu\u00e9 es una\u00a0pol\u00edtica p\u00fablica de participaci\u00f3n y qu\u00e9 es una pol\u00edtica de participaci\u00f3n para la<br \/>\ngesti\u00f3n.<\/p>\n<h1>Sesi\u00f3n 1<\/h1>\n<h4>Documentos Asociados<\/h4>\n<h5><a href=\"https:\/\/drive.google.com\/open?id=1q8xWIHuswdCq3bTGJ9pAXdzO8RzWjd5B\" target=\"_blank\" rel=\"noopener noreferrer\">1. La importancia de definir y estructurar el problema &#8211; Andr\u00e9s Olaya<\/a><br \/>\n<a href=\"https:\/\/drive.google.com\/open?id=1dr7n45thH0N3SYjtVUdJvgds6pxzI6MC\" target=\"_blank\" rel=\"noopener noreferrer\">2. Participaci\u00f3n y clientelismo &#8211; Omar Ur\u00e1n<\/a><br \/>\n<a href=\"https:\/\/drive.google.com\/open?id=1A6hxCXwNHR9WMQnZJJVQtWN7v0-OT50c\" target=\"_blank\" rel=\"noopener noreferrer\">3. Problem\u00e1tica: Regi\u00f3n Inequitativa y desigual &#8211; Ruben Fernandez.pptx<\/a><br \/>\n<a href=\"https:\/\/drive.google.com\/open?id=1OI8Yd4rB7rs2MS1_Yafl00rl1V__cvLJ\" target=\"_blank\" rel=\"noopener noreferrer\">4. Incidencia extorsio\u0301n en participacio\u0301n ciudadana &#8211; JJM.pptx<\/a><br \/>\n<a href=\"https:\/\/drive.google.com\/open?id=18_Os44yx-uksOONX9sZlGVsdE-LPkZPG\" target=\"_blank\" rel=\"noopener noreferrer\">5. Relacionamiento causal &#8211; Juan Jose.xlsx<\/a><br \/>\n<a href=\"https:\/\/drive.google.com\/open?id=1w_l_WF6wuDCMwUzBCKzmKmacWNns2kiw\" target=\"_blank\" rel=\"noopener noreferrer\">6. Relacionamiento causal &#8211; Omar.xlsx<\/a><br \/>\n<a href=\"https:\/\/drive.google.com\/open?id=1vGu3inV9T5N04HEe9ZuiCQeTANDTLCWf\" target=\"_blank\" rel=\"noopener noreferrer\">7. Relacionamiento causal &#8211; Ruben.xlsx<\/a><\/h5>\n<h4>Video Seminario 17 de Agosto de 2019<\/h4>\n<p><iframe src=\"https:\/\/www.youtube.com\/embed\/0LQVQxewyGw\" width=\"560\" height=\"315\" frameborder=\"0\" allowfullscreen=\"allowfullscreen\"><\/iframe><\/p>\n<h4>Video Seminario 23 de Agosto de 2019<\/h4>\n<p><iframe src=\"https:\/\/www.youtube.com\/embed\/6Q0-OTfNtmI\" width=\"560\" height=\"315\" frameborder=\"0\" allowfullscreen=\"allowfullscreen\"><\/iframe><\/p>\n<h1>Sesi\u00f3n 2<\/h1>\n<h4>Documentos Asociados<\/h4>\n<h5><a href=\"https:\/\/drive.google.com\/open?id=1Ikl0N3MaOKDDZBajvDGoGrGlA30Q0wQd\" target=\"_blank\" rel=\"noopener noreferrer\">1. El problema de la agencia en la institucionalidad p\u00fablica<\/a><br \/>\n<a href=\"https:\/\/drive.google.com\/open?id=1_MOQq-Gm3sRXX6e7zQwhyqn--e1bP7jP\" target=\"_blank\" rel=\"noopener noreferrer\">2. Realidades institucionales y l\u00edmites ideacionales del gobierno &#8211; Francis M Corrales Acosta<\/a><br \/>\n<a href=\"https:\/\/drive.google.com\/open?id=1UbBvArLFJTJVsXavh2tFG3e3Jgf_6S4e\" target=\"_blank\" rel=\"noopener noreferrer\">3.\u00a0La comunicaci\u00f3n y la formaci\u00f3n como dispositivo de una Politica p\u00fablica para la participacion ciudadana &#8211; M\u00f3nica Sepulveda L\u00f3pez<\/a><br \/>\n<a href=\"https:\/\/drive.google.com\/open?id=1uX4vlydR70mkk48SmGoK2LXZqKvs_g5w\" target=\"_blank\" rel=\"noopener noreferrer\">4.\u00a0Desconfianza frente a los procesos contractuales &#8211; Adriana Victoria Alvarez TrujilloDesconfianza frente a los procesos contractuales &#8211; Adriana Victoria Alvarez Trujillo<\/a><\/h5>\n<h1>Sesi\u00f3n 3<\/h1>\n<h4>Documentos Asociados<\/h4>\n<h5><a href=\"https:\/\/drive.google.com\/open?id=1mi1BVFQ86xh_VJz0jI9y0LuOJEusLiMI\" target=\"_blank\" rel=\"noopener noreferrer\">1. Ciudadan\u00eda Informada. Clave en la cualificaci\u00f3n de la participaci\u00f3n ciudadana &#8211; Unidad de Investigaci\u00f3n y Extensi\u00f3n<\/a><br \/>\n<a href=\"https:\/\/drive.google.com\/open?id=1_h9tRq3Z16DJWVC5NtcsBsTFvyRV0KFw\" target=\"_blank\" rel=\"noopener noreferrer\">2. Bajo nivel capital social<\/a><br \/>\n<a href=\"https:\/\/drive.google.com\/open?id=1-_-bwOLiOAWDLMQfz5yr95JsJu3uqH8T\" target=\"_blank\" rel=\"noopener noreferrer\">3.\u00a0Problemas que limitan la garant\u00eda del derecho a la participaci\u00f3n &#8211; Luz Mar\u00eda EscobarProblemas que limitan la garant\u00eda del derecho a la participaci\u00f3n &#8211; Luz Mar\u00eda Escobar<\/a><\/h5>\n<h4>Video Seminario 14 de Septiembre de 2019<\/h4>\n<p><iframe src=\"https:\/\/www.youtube.com\/embed\/njFl0s522pc\" width=\"560\" height=\"315\" frameborder=\"0\" allowfullscreen=\"allowfullscreen\"><\/iframe><\/p>\n<h1>Sesi\u00f3n 4<\/h1>\n<h4>Documentos Asociados<\/h4>\n<h5><a href=\"https:\/\/drive.google.com\/open?id=1ETm85GfprTiCpFoQyNfPLkxivBMxKZrx\" target=\"_blank\" rel=\"noopener noreferrer\">1.\u00a0Encuentro de Ciudadan\u00eda y Servidores para la convergencia en la identificaci\u00f3n de problem\u00e1ticas de la participaci\u00f3nEncuentro de Ciudadan\u00eda y Servidores para la convergencia en la identificaci\u00f3n de problem\u00e1ticas de la participaci\u00f3n<\/a><\/h5>\n<h5><a href=\"https:\/\/drive.google.com\/open?id=1WqbGgN8XqW-Vdjq508KSqH2pDwrdhQWG\" target=\"_blank\" rel=\"noopener noreferrer\">2. Problema: Poco reconocimiento, poca confianza y poca aceptaci\u00f3n &#8211; Marta Eugenia Arango CPoco reconocimiento, poca confianza y poca aceptaci\u00f3n &#8211; Marta Eugenia Arango C<\/a><br \/>\n<a href=\"https:\/\/drive.google.com\/open?id=1U0yrI0k9innq9tpFax4H9ktj-LacA1gx\" target=\"_blank\" rel=\"noopener noreferrer\">3.\u00a0Obst\u00e1culos para la participaci\u00f3n ciudadana &#8211; Jos\u00e9 Albeiro Pulgar\u00ednObst\u00e1culos para la participaci\u00f3n ciudadana &#8211; Jos\u00e9 Albeiro Pulgar\u00edn<\/a><br \/>\n<a href=\"https:\/\/drive.google.com\/open?id=10M6zzAqYTU6J8VRETpGx46Htvdnlgl8N\" target=\"_blank\" rel=\"noopener noreferrer\">4. Creciente desconfianza de la ciudadan\u00eda entre ellos mismos y hacia la institucionalidad Creciente desconfianza de la ciudadan\u00eda entre ellos mismos y hacia la institucionalidad<\/a><br \/>\n<a href=\"https:\/\/drive.google.com\/open?id=1wGiR__LzZ5lmirPA8GsULWtgx4teARAG\" target=\"_blank\" rel=\"noopener noreferrer\">5.\u00a0Preguntas orientadorasPreguntas orientadoras<\/a><\/h5>\n<h4>Video Seminario 24 de Septiembre de 2019<\/h4>\n<p><iframe src=\"https:\/\/drive.google.com\/file\/d\/1WMTLfDH-za1TvtivcyoTMvYmG8bzRY77\/preview\" width=\"560\" height=\"315\"><\/iframe><\/p>\n<h4>Video Seminario 02 de Noviembre de 2019<\/h4>\n<p><iframe src=\"https:\/\/www.youtube.com\/embed\/TV1-FFekk8U\" width=\"560\" height=\"315\" frameborder=\"0\" allowfullscreen=\"allowfullscreen\"><\/iframe><\/p>\n<h1>Material Extra<\/h1>\n<p><iframe src=\"https:\/\/www.youtube.com\/embed\/HNpZ8ItgpLo\" width=\"560\" height=\"315\" frameborder=\"0\" allowfullscreen=\"allowfullscreen\"><\/iframe><\/p>\n<p><iframe src=\"https:\/\/www.youtube.com\/embed\/dYzN1efJoDg\" width=\"560\" height=\"315\" frameborder=\"0\" allowfullscreen=\"allowfullscreen\"><\/iframe><\/p>\n<p><a title=\"Material Extra\" href=\"https:\/\/www.flickr.com\/photos\/156312168@N02\/albums\/72157712703158872\" data-flickr-embed=\"true\"><img fetchpriority=\"high\" decoding=\"async\" src=\"https:\/\/live.staticflickr.com\/65535\/49396944361_2cb76b1b75.jpg\" alt=\"Material Extra\" width=\"500\" height=\"334\" \/><\/a><script async=\"\" src=\"\/\/embedr.flickr.com\/assets\/client-code.js\" charset=\"utf-8\"><\/script><\/p>\n","protected":false},"excerpt":{"rendered":"<p>La Secretar\u00eda de Participaci\u00f3n Ciudadana contin\u00faa con su objetivo de cualificar la participaci\u00f3n en Medell\u00edn, poniendo en marcha el Seminario que posibilitar\u00e1 a la ciudadan\u00eda construir sus diferentes perspectivas para nutrir los an\u00e1lisis de los retos que tienen los asuntos participativos en la ciudad, por medio de un debate abierto y deliberativo, teniendo como marco<\/p>\n","protected":false},"author":1,"featured_media":0,"comment_status":"open","ping_status":"open","sticky":false,"template":"","format":"standard","meta":{"footnotes":""},"categories":[17],"tags":[],"class_list":["post-164","post","type-post","status-publish","format-standard","hentry","category-smpc"],"yoast_head":"<!-- This site is optimized with the Yoast SEO plugin v21.5 - https:\/\/yoast.com\/wordpress\/plugins\/seo\/ -->\n<title>Seminarios -<\/title>\n<meta name=\"robots\" content=\"index, follow, max-snippet:-1, max-image-preview:large, max-video-preview:-1\" \/>\n<link rel=\"canonical\" href=\"https:\/\/siciudadania.co\/2019\/08\/29\/seminarios\/\" \/>\n<meta property=\"og:locale\" content=\"es_ES\" \/>\n<meta property=\"og:type\" content=\"article\" \/>\n<meta property=\"og:title\" content=\"Seminarios -\" \/>\n<meta property=\"og:description\" content=\"La Secretar\u00eda de Participaci\u00f3n Ciudadana contin\u00faa con su objetivo de cualificar la participaci\u00f3n en Medell\u00edn, poniendo en marcha el Seminario que posibilitar\u00e1 a la ciudadan\u00eda construir sus diferentes perspectivas para nutrir los an\u00e1lisis de los retos que tienen los asuntos participativos en la ciudad, por medio de un debate abierto y deliberativo, teniendo como marco\" \/>\n<meta property=\"og:url\" content=\"https:\/\/siciudadania.co\/2019\/08\/29\/seminarios\/\" \/>\n<meta property=\"article:published_time\" content=\"2019-08-29T03:36:23+00:00\" \/>\n<meta property=\"article:modified_time\" content=\"2023-11-18T22:16:55+00:00\" \/>\n<meta property=\"og:image\" content=\"https:\/\/live.staticflickr.com\/65535\/49396944361_2cb76b1b75.jpg\" \/>\n<meta name=\"author\" content=\"admin_siciudadania\" \/>\n<meta name=\"twitter:card\" content=\"summary_large_image\" \/>\n<meta name=\"twitter:label1\" content=\"Escrito por\" \/>\n\t<meta name=\"twitter:data1\" content=\"admin_siciudadania\" \/>\n\t<meta name=\"twitter:label2\" content=\"Tiempo de lectura\" \/>\n\t<meta name=\"twitter:data2\" content=\"4 minutos\" \/>\n<script type=\"application\/ld+json\" class=\"yoast-schema-graph\">{\"@context\":\"https:\/\/schema.org\",\"@graph\":[{\"@type\":\"WebPage\",\"@id\":\"https:\/\/siciudadania.co\/2019\/08\/29\/seminarios\/\",\"url\":\"https:\/\/siciudadania.co\/2019\/08\/29\/seminarios\/\",\"name\":\"Seminarios -\",\"isPartOf\":{\"@id\":\"https:\/\/siciudadania.co\/#website\"},\"datePublished\":\"2019-08-29T03:36:23+00:00\",\"dateModified\":\"2023-11-18T22:16:55+00:00\",\"author\":{\"@id\":\"https:\/\/siciudadania.co\/#\/schema\/person\/3e464ad406eaa09a2ebc5177d6015319\"},\"breadcrumb\":{\"@id\":\"https:\/\/siciudadania.co\/2019\/08\/29\/seminarios\/#breadcrumb\"},\"inLanguage\":\"es\",\"potentialAction\":[{\"@type\":\"ReadAction\",\"target\":[\"https:\/\/siciudadania.co\/2019\/08\/29\/seminarios\/\"]}]},{\"@type\":\"BreadcrumbList\",\"@id\":\"https:\/\/siciudadania.co\/2019\/08\/29\/seminarios\/#breadcrumb\",\"itemListElement\":[{\"@type\":\"ListItem\",\"position\":1,\"name\":\"Portada\",\"item\":\"https:\/\/siciudadania.co\/\"},{\"@type\":\"ListItem\",\"position\":2,\"name\":\"Seminarios\"}]},{\"@type\":\"WebSite\",\"@id\":\"https:\/\/siciudadania.co\/#website\",\"url\":\"https:\/\/siciudadania.co\/\",\"name\":\"\",\"description\":\"\",\"potentialAction\":[{\"@type\":\"SearchAction\",\"target\":{\"@type\":\"EntryPoint\",\"urlTemplate\":\"https:\/\/siciudadania.co\/?s={search_term_string}\"},\"query-input\":\"required name=search_term_string\"}],\"inLanguage\":\"es\"},{\"@type\":\"Person\",\"@id\":\"https:\/\/siciudadania.co\/#\/schema\/person\/3e464ad406eaa09a2ebc5177d6015319\",\"name\":\"admin_siciudadania\",\"image\":{\"@type\":\"ImageObject\",\"inLanguage\":\"es\",\"@id\":\"https:\/\/siciudadania.co\/#\/schema\/person\/image\/\",\"url\":\"https:\/\/secure.gravatar.com\/avatar\/c4e8e447469c7360494445e3c2a19234a533e992b29d775da96fa20efe7d6e9f?s=96&d=mm&r=g\",\"contentUrl\":\"https:\/\/secure.gravatar.com\/avatar\/c4e8e447469c7360494445e3c2a19234a533e992b29d775da96fa20efe7d6e9f?s=96&d=mm&r=g\",\"caption\":\"admin_siciudadania\"},\"sameAs\":[\"https:\/\/siciudadania.co\"],\"url\":\"https:\/\/siciudadania.co\/author\/admin_siciudadania\/\"}]}<\/script>\n<!-- \/ Yoast SEO plugin. -->","yoast_head_json":{"title":"Seminarios -","robots":{"index":"index","follow":"follow","max-snippet":"max-snippet:-1","max-image-preview":"max-image-preview:large","max-video-preview":"max-video-preview:-1"},"canonical":"https:\/\/siciudadania.co\/2019\/08\/29\/seminarios\/","og_locale":"es_ES","og_type":"article","og_title":"Seminarios -","og_description":"La Secretar\u00eda de Participaci\u00f3n Ciudadana contin\u00faa con su objetivo de cualificar la participaci\u00f3n en Medell\u00edn, poniendo en marcha el Seminario que posibilitar\u00e1 a la ciudadan\u00eda construir sus diferentes perspectivas para nutrir los an\u00e1lisis de los retos que tienen los asuntos participativos en la ciudad, por medio de un debate abierto y deliberativo, teniendo como marco","og_url":"https:\/\/siciudadania.co\/2019\/08\/29\/seminarios\/","article_published_time":"2019-08-29T03:36:23+00:00","article_modified_time":"2023-11-18T22:16:55+00:00","og_image":[{"url":"https:\/\/live.staticflickr.com\/65535\/49396944361_2cb76b1b75.jpg"}],"author":"admin_siciudadania","twitter_card":"summary_large_image","twitter_misc":{"Escrito por":"admin_siciudadania","Tiempo de lectura":"4 minutos"},"schema":{"@context":"https:\/\/schema.org","@graph":[{"@type":"WebPage","@id":"https:\/\/siciudadania.co\/2019\/08\/29\/seminarios\/","url":"https:\/\/siciudadania.co\/2019\/08\/29\/seminarios\/","name":"Seminarios -","isPartOf":{"@id":"https:\/\/siciudadania.co\/#website"},"datePublished":"2019-08-29T03:36:23+00:00","dateModified":"2023-11-18T22:16:55+00:00","author":{"@id":"https:\/\/siciudadania.co\/#\/schema\/person\/3e464ad406eaa09a2ebc5177d6015319"},"breadcrumb":{"@id":"https:\/\/siciudadania.co\/2019\/08\/29\/seminarios\/#breadcrumb"},"inLanguage":"es","potentialAction":[{"@type":"ReadAction","target":["https:\/\/siciudadania.co\/2019\/08\/29\/seminarios\/"]}]},{"@type":"BreadcrumbList","@id":"https:\/\/siciudadania.co\/2019\/08\/29\/seminarios\/#breadcrumb","itemListElement":[{"@type":"ListItem","position":1,"name":"Portada","item":"https:\/\/siciudadania.co\/"},{"@type":"ListItem","position":2,"name":"Seminarios"}]},{"@type":"WebSite","@id":"https:\/\/siciudadania.co\/#website","url":"https:\/\/siciudadania.co\/","name":"","description":"","potentialAction":[{"@type":"SearchAction","target":{"@type":"EntryPoint","urlTemplate":"https:\/\/siciudadania.co\/?s={search_term_string}"},"query-input":"required name=search_term_string"}],"inLanguage":"es"},{"@type":"Person","@id":"https:\/\/siciudadania.co\/#\/schema\/person\/3e464ad406eaa09a2ebc5177d6015319","name":"admin_siciudadania","image":{"@type":"ImageObject","inLanguage":"es","@id":"https:\/\/siciudadania.co\/#\/schema\/person\/image\/","url":"https:\/\/secure.gravatar.com\/avatar\/c4e8e447469c7360494445e3c2a19234a533e992b29d775da96fa20efe7d6e9f?s=96&d=mm&r=g","contentUrl":"https:\/\/secure.gravatar.com\/avatar\/c4e8e447469c7360494445e3c2a19234a533e992b29d775da96fa20efe7d6e9f?s=96&d=mm&r=g","caption":"admin_siciudadania"},"sameAs":["https:\/\/siciudadania.co"],"url":"https:\/\/siciudadania.co\/author\/admin_siciudadania\/"}]}},"_links":{"self":[{"href":"https:\/\/siciudadania.co\/wp-json\/wp\/v2\/posts\/164","targetHints":{"allow":["GET"]}}],"collection":[{"href":"https:\/\/siciudadania.co\/wp-json\/wp\/v2\/posts"}],"about":[{"href":"https:\/\/siciudadania.co\/wp-json\/wp\/v2\/types\/post"}],"author":[{"embeddable":true,"href":"https:\/\/siciudadania.co\/wp-json\/wp\/v2\/users\/1"}],"replies":[{"embeddable":true,"href":"https:\/\/siciudadania.co\/wp-json\/wp\/v2\/comments?post=164"}],"version-history":[{"count":1,"href":"https:\/\/siciudadania.co\/wp-json\/wp\/v2\/posts\/164\/revisions"}],"predecessor-version":[{"id":5579,"href":"https:\/\/siciudadania.co\/wp-json\/wp\/v2\/posts\/164\/revisions\/5579"}],"wp:attachment":[{"href":"https:\/\/siciudadania.co\/wp-json\/wp\/v2\/media?parent=164"}],"wp:term":[{"taxonomy":"category","embeddable":true,"href":"https:\/\/siciudadania.co\/wp-json\/wp\/v2\/categories?post=164"},{"taxonomy":"post_tag","embeddable":true,"href":"https:\/\/siciudadania.co\/wp-json\/wp\/v2\/tags?post=164"}],"curies":[{"name":"wp","href":"https:\/\/api.w.org\/{rel}","templated":true}]}}