{"id":152,"date":"2019-07-25T13:01:01","date_gmt":"2019-07-25T13:01:01","guid":{"rendered":"https:\/\/testudearroba.udea.edu.co\/siciudadania2\/index.php\/2019\/07\/25\/comuna-7\/"},"modified":"2019-07-25T13:01:01","modified_gmt":"2019-07-25T13:01:01","slug":"comuna-7","status":"publish","type":"post","link":"https:\/\/siciudadania.co\/%Slug%\/","title":{"rendered":"La medici\u00f3n del IPCM llega a la comuna 7"},"content":{"rendered":"<p><img fetchpriority=\"high\" decoding=\"async\" class=\" size-full wp-image-151\" style=\"display: block; margin-left: auto; margin-right: auto;\" src=\"https:\/\/siciudadania.co\/wp-content\/uploads\/2019\/07\/Comuna_7-_entrevista.png\" alt=\"Comuna 7 entrevista\" width=\"309\" height=\"207\" srcset=\"https:\/\/siciudadania.co\/wp-content\/uploads\/2019\/07\/Comuna_7-_entrevista.png 604w, https:\/\/siciudadania.co\/wp-content\/uploads\/2019\/07\/Comuna_7-_entrevista-300x201.png 300w\" sizes=\"(max-width: 309px) 100vw, 309px\" \/><\/p>\n<p style=\"text-align: center;\">La recolecci\u00f3n de informaci\u00f3n para la medici\u00f3n del \u00edndice de participaci\u00f3n ciudadana de Medell\u00edn (IPCM) ya suma 8 semanas de trabajo continuo. Durante un recorrido en la comuna 7 &#8211; Robledo tuvimos la oportunidad de conversar con Tatiana Pasos, Soci\u00f3loga de la Universidad de Antioquia, encuestadora de la medici\u00f3n del IPCM y habitante de esta comuna.<\/p>\n<p>Tatiana nos cont\u00f3 acerca de su experiencia como encuestadora en la comuna donde actualmente reside y de igual manera, dialogamos acerca de las pr\u00e1cticas y actores, las condiciones territoriales y los efectos de participaci\u00f3n de ese territorio. El recorrido por la comuna 7 contempl\u00f3 los barrios L\u00f3pez de Mesa, C\u00f3rdoba, Bello Oriente, Villa Sof\u00eda, Villa Flora, Pilarica, Aures y el barrio Robledo el Diamante. Frente a las preguntas sobre la participaci\u00f3n ciudadana en este territorio esto fue lo que Tatiana nos respondi\u00f3:<\/p>\n<ul>\n<li><\/li>\n<\/ul>\n<p><strong>IPCM:<\/strong> Como habitante de la comuna \u00bfc\u00f3mo has evidenciado la participaci\u00f3n en tu barrio y qu\u00e9 colectivos u organizaciones existen?<\/p>\n<p><strong>Tatiana Pasos:<\/strong>&nbsp;Tuvimos la oportunidad de conocer la sede social de Robledo Villa Sof\u00eda, un lugar en el cual se re\u00fanen personas de todas las edades. Hay grupos de ni\u00f1os, tambi\u00e9n ofrecen cursos de cocina, hay un tele centro donde se re\u00fanen adultos mayores del club de vida para aprender mecanograf\u00eda y sistemas. Fue algo muy interesante y una experiencia bonita en el sentido en que estos espacios ayudan que las peticiones de esta poblaci\u00f3n sean mucho m\u00e1s escuchadas y para que estas acciones se puedan replicar y con esto movilizar j\u00f3venes de sus mismos sectores y de su misma comunidad, porque hemos identificado que la participaci\u00f3n de los j\u00f3venes es muy baja. Los que est\u00e1n participando se encuentran m\u00e1s que todo en grupos de baile, expresiones art\u00edsticas juveniles, tambi\u00e9n en grupos de las iglesias,pero si hace falta m\u00e1s participaci\u00f3n de esta poblaci\u00f3n. Los j\u00f3venes con los que he logrado tener acercamiento me dicen que s\u00ed les interesa participar pero que necesitan m\u00e1s respaldo de las juntas de acci\u00f3n comunal o de la junta administradora local.<\/p>\n<p><strong>IPCM:&nbsp;<\/strong>\u00bfQu\u00e9 lograron identificar a grandes rasgos durante la recolecci\u00f3n de informaci\u00f3n respecto a los actores y las pr\u00e1cticas en la comuna?<\/p>\n<p><strong>TP:&nbsp;<\/strong>Durante esta recolecci\u00f3n pudimos observar que quienes no participan son personas que no tienen ning\u00fan tipo de informaci\u00f3n para poder participar. Te hablo desde mi experiencia, yo vivo en el barrio Pilarica y ac\u00e1 en el barrio no existe ninguna organizaci\u00f3n lastimosamente, de hecho a\u00fan no hay una junta de acci\u00f3n comunal, apenas se est\u00e1 planteando la propuesta de formalizar una junta. Eso significa que es mucho el desconocimiento de los habitantes del sector; para ellos postularse o presentar ideas es muy complicado, no consideran que vayan a ser tenidos en cuenta.<\/p>\n<p>Por otro lado,&nbsp;he notado la participaci\u00f3n activa de un colectivo que se llama \u201cRobledo venga Parchemos\u201d, ellos ofrecen talleres de clown, acrobacia a\u00e9rea (telas), entre otros. Eso me parece muy interesante, adem\u00e1s desde las redes sociales est\u00e1n muy pendientes de invitar a la comunidad, mantenerlos informados de sus eventos y se les nota muy&nbsp; receptivos a que cualquiera pueda ser y hacer parte de su grupo.&nbsp;<\/p>\n<p>&nbsp;<\/p>\n<p><strong>IPCM:&nbsp;<\/strong>Al encuestar a la comunidad \u00bfQu\u00e9 se han encontrado en sus relatos?<\/p>\n<p><strong>TP:&nbsp;<\/strong>La semana pasada fuimos a la sede social de Villa Sofia, nos pareci\u00f3 un lugar adecuado para encuestar por las actividades que se realizan; unas se\u00f1oras estaban en un curso de cocina, una se dispuso a realizar la encuesta como participante y se sincer\u00f3 conmigo, me dijo que alguna vez ella se hab\u00eda llegado a sentir atemorizada por participar por los &#8220;combos&#8221; del sector. Ella lastimosamente perdi\u00f3 un hijo el a\u00f1o pasado en una guerra absurda de ciudad que ni ella ni nosotros entendemos. Yo a la se\u00f1ora le pregunt\u00e9 de que manera hab\u00eda sentido alg\u00fan tipo de reparaci\u00f3n o alg\u00fan apoyo para transformar ese dolor, o que ella pudiera llevar m\u00e1s f\u00e1cil ese duelo y la verdad no, no ha tenido el suficiente acompa\u00f1amiento. Esto a mi me deja la duda de c\u00f3mo yo como profesional le puedo aportar o ayudarla; porque es de gran ayuda que ella participe en cursos y actividades en las que pueda invertir su tiempo en el barrio, pero ella a\u00fan tiene heridas abiertas.&nbsp;<\/p>\n<p>Seg\u00fan la medici\u00f3n del IPCM del a\u00f1o 2017, la zona 2: comunas 5, 6 y 7, cuenta con un \u00edndice de participaci\u00f3n de 0,326 en la que se destaca una participaci\u00f3n de mayor nivel en la dimensi\u00f3n de &#8220;pr\u00e1cticas&#8221; con un \u00edndice de 0,344; esto como resultado de una amplia historia de procesos organizativos como los que describe Tatiana con colectivos como &#8220;Robledo Venga Parchemos&#8221; u organizaciones concretas como la sede social de Villa Sof\u00eda, los clubes de vida de la comuna y las organizaciones nacientes como la junta de acci\u00f3n comunal del barrio La Pilarica. Sin embargo, la participaci\u00f3n ciudadana de todas las poblaciones de la zona sigue siendo un reto ya que la poblaci\u00f3n de adultos mayores contin\u00faa siendo la que m\u00e1s participa en contraste con una participaci\u00f3n baja de poblaci\u00f3n joven.<\/p>\n<p>La medici\u00f3n del IPCM 2019 lleva un avance del 65,9% con 3899 encuestas realizadas y gracias a los resultados que se entregar\u00e1n durante el mes de noviembre, se podr\u00e1 contrastar la informaci\u00f3n de la medici\u00f3n anterior con las resultados de este a\u00f1o y as\u00ed evaluar las transformaciones y avances de la participaci\u00f3n de cada sector, identificando situaciones que la afecten desde sus 3 dimensiones de estudio y con ello, obtener informaci\u00f3n clara y pertinente sobre la calidad de la participaci\u00f3n ciudadana de nuestra ciudad y los retos que esta plantea.<\/p>\n<p>\u00a1Seguimos con la recolecci\u00f3n de infromaci\u00f3n, an\u00edmate a participar y aportar para la evaluaci\u00f3n de la participaci\u00f3n ciudadana de nuestra ciudad!<\/p>\n<p>&nbsp;<\/p>\n<p>Para mayor informaci\u00f3n acerca de los resultados generales y por zona de la medici\u00f3n del IPCM&nbsp; 2017, pulsa clic&nbsp;<a href=\"ipcm\">aqu\u00ed<\/a>.<\/p>\n<p>&nbsp;<\/p>\n<p>Entrevista realizada por David Su\u00e1rez a Tatiana Pasos el 21 de julio de 2019.<\/p>\n<p>&nbsp;<\/p>\n<p>&nbsp;<\/p>\n<p>&nbsp;<\/p>\n","protected":false},"excerpt":{"rendered":"<p><img fetchpriority=\"high\" decoding=\"async\" class=\" size-full wp-image-151\" style=\"display: block; margin-left: auto; margin-right: auto;\" src=\"https:\/\/siciudadania.co\/wp-content\/uploads\/2019\/07\/Comuna_7-_entrevista.png\" alt=\"Comuna 7 entrevista\" width=\"309\" height=\"207\" srcset=\"https:\/\/siciudadania.co\/wp-content\/uploads\/2019\/07\/Comuna_7-_entrevista.png 604w, https:\/\/siciudadania.co\/wp-content\/uploads\/2019\/07\/Comuna_7-_entrevista-300x201.png 300w\" sizes=\"(max-width: 309px) 100vw, 309px\" \/><\/p>\n<p style=\"text-align: center;\">La recolecci\u00f3n de informaci\u00f3n para la medici\u00f3n del \u00edndice de participaci\u00f3n ciudadana de Medell\u00edn (IPCM) ya suma 8 semanas de trabajo continuo. Durante un recorrido en la comuna 7 &#8211; Robledo tuvimos la oportunidad de conversar con Tatiana Pasos, Soci\u00f3loga de la Universidad de Antioquia, encuestadora de la medici\u00f3n del IPCM y habitante de esta comuna.<\/p>\n","protected":false},"author":1,"featured_media":151,"comment_status":"open","ping_status":"open","sticky":false,"template":"","format":"standard","meta":{"footnotes":""},"categories":[19],"tags":[],"class_list":["post-152","post","type-post","status-publish","format-standard","has-post-thumbnail","hentry","category-sabias-que-2"],"yoast_head":"<!-- This site is optimized with the Yoast SEO plugin v21.5 - https:\/\/yoast.com\/wordpress\/plugins\/seo\/ -->\n<title>La medici\u00f3n del IPCM llega a la comuna 7 -<\/title>\n<meta name=\"robots\" content=\"index, follow, max-snippet:-1, max-image-preview:large, max-video-preview:-1\" \/>\n<link rel=\"canonical\" href=\"https:\/\/siciudadania.co\/%Slug%\/\" \/>\n<meta property=\"og:locale\" content=\"es_ES\" \/>\n<meta property=\"og:type\" content=\"article\" \/>\n<meta property=\"og:title\" content=\"La medici\u00f3n del IPCM llega a la comuna 7 -\" \/>\n<meta property=\"og:description\" content=\"La recolecci\u00f3n de informaci\u00f3n para la medici\u00f3n del \u00edndice de participaci\u00f3n ciudadana de Medell\u00edn (IPCM) ya suma 8 semanas de trabajo continuo. Durante un recorrido en la comuna 7 - Robledo tuvimos la oportunidad de conversar con Tatiana Pasos, Soci\u00f3loga de la Universidad de Antioquia, encuestadora de la medici\u00f3n del IPCM y habitante de esta comuna.\" \/>\n<meta property=\"og:url\" content=\"https:\/\/siciudadania.co\/%Slug%\/\" \/>\n<meta property=\"article:published_time\" content=\"2019-07-25T13:01:01+00:00\" \/>\n<meta property=\"og:image\" content=\"https:\/\/siciudadania.co\/wp-content\/uploads\/2019\/07\/Comuna_7-_entrevista.png\" \/>\n\t<meta property=\"og:image:width\" content=\"604\" \/>\n\t<meta property=\"og:image:height\" content=\"404\" \/>\n\t<meta property=\"og:image:type\" content=\"image\/png\" \/>\n<meta name=\"author\" content=\"admin_siciudadania\" \/>\n<meta name=\"twitter:card\" content=\"summary_large_image\" \/>\n<meta name=\"twitter:label1\" content=\"Escrito por\" \/>\n\t<meta name=\"twitter:data1\" content=\"admin_siciudadania\" \/>\n\t<meta name=\"twitter:label2\" content=\"Tiempo de lectura\" \/>\n\t<meta name=\"twitter:data2\" content=\"5 minutos\" \/>\n<script type=\"application\/ld+json\" class=\"yoast-schema-graph\">{\"@context\":\"https:\/\/schema.org\",\"@graph\":[{\"@type\":\"WebPage\",\"@id\":\"https:\/\/siciudadania.co\/%Slug%\/\",\"url\":\"https:\/\/siciudadania.co\/%Slug%\/\",\"name\":\"La medici\u00f3n del IPCM llega a la comuna 7 -\",\"isPartOf\":{\"@id\":\"https:\/\/siciudadania.co\/#website\"},\"datePublished\":\"2019-07-25T13:01:01+00:00\",\"dateModified\":\"2019-07-25T13:01:01+00:00\",\"author\":{\"@id\":\"https:\/\/siciudadania.co\/#\/schema\/person\/3e464ad406eaa09a2ebc5177d6015319\"},\"breadcrumb\":{\"@id\":\"https:\/\/siciudadania.co\/%Slug%\/#breadcrumb\"},\"inLanguage\":\"es\",\"potentialAction\":[{\"@type\":\"ReadAction\",\"target\":[\"https:\/\/siciudadania.co\/%Slug%\/\"]}]},{\"@type\":\"BreadcrumbList\",\"@id\":\"https:\/\/siciudadania.co\/%Slug%\/#breadcrumb\",\"itemListElement\":[{\"@type\":\"ListItem\",\"position\":1,\"name\":\"Portada\",\"item\":\"https:\/\/siciudadania.co\/\"},{\"@type\":\"ListItem\",\"position\":2,\"name\":\"La medici\u00f3n del IPCM llega a la comuna 7\"}]},{\"@type\":\"WebSite\",\"@id\":\"https:\/\/siciudadania.co\/#website\",\"url\":\"https:\/\/siciudadania.co\/\",\"name\":\"\",\"description\":\"\",\"potentialAction\":[{\"@type\":\"SearchAction\",\"target\":{\"@type\":\"EntryPoint\",\"urlTemplate\":\"https:\/\/siciudadania.co\/?s={search_term_string}\"},\"query-input\":\"required name=search_term_string\"}],\"inLanguage\":\"es\"},{\"@type\":\"Person\",\"@id\":\"https:\/\/siciudadania.co\/#\/schema\/person\/3e464ad406eaa09a2ebc5177d6015319\",\"name\":\"admin_siciudadania\",\"image\":{\"@type\":\"ImageObject\",\"inLanguage\":\"es\",\"@id\":\"https:\/\/siciudadania.co\/#\/schema\/person\/image\/\",\"url\":\"https:\/\/secure.gravatar.com\/avatar\/c4e8e447469c7360494445e3c2a19234a533e992b29d775da96fa20efe7d6e9f?s=96&d=mm&r=g\",\"contentUrl\":\"https:\/\/secure.gravatar.com\/avatar\/c4e8e447469c7360494445e3c2a19234a533e992b29d775da96fa20efe7d6e9f?s=96&d=mm&r=g\",\"caption\":\"admin_siciudadania\"},\"sameAs\":[\"https:\/\/siciudadania.co\"],\"url\":\"https:\/\/siciudadania.co\/author\/admin_siciudadania\/\"}]}<\/script>\n<!-- \/ Yoast SEO plugin. -->","yoast_head_json":{"title":"La medici\u00f3n del IPCM llega a la comuna 7 -","robots":{"index":"index","follow":"follow","max-snippet":"max-snippet:-1","max-image-preview":"max-image-preview:large","max-video-preview":"max-video-preview:-1"},"canonical":"https:\/\/siciudadania.co\/%Slug%\/","og_locale":"es_ES","og_type":"article","og_title":"La medici\u00f3n del IPCM llega a la comuna 7 -","og_description":"La recolecci\u00f3n de informaci\u00f3n para la medici\u00f3n del \u00edndice de participaci\u00f3n ciudadana de Medell\u00edn (IPCM) ya suma 8 semanas de trabajo continuo. Durante un recorrido en la comuna 7 - Robledo tuvimos la oportunidad de conversar con Tatiana Pasos, Soci\u00f3loga de la Universidad de Antioquia, encuestadora de la medici\u00f3n del IPCM y habitante de esta comuna.","og_url":"https:\/\/siciudadania.co\/%Slug%\/","article_published_time":"2019-07-25T13:01:01+00:00","og_image":[{"width":604,"height":404,"url":"https:\/\/siciudadania.co\/wp-content\/uploads\/2019\/07\/Comuna_7-_entrevista.png","type":"image\/png"}],"author":"admin_siciudadania","twitter_card":"summary_large_image","twitter_misc":{"Escrito por":"admin_siciudadania","Tiempo de lectura":"5 minutos"},"schema":{"@context":"https:\/\/schema.org","@graph":[{"@type":"WebPage","@id":"https:\/\/siciudadania.co\/%Slug%\/","url":"https:\/\/siciudadania.co\/%Slug%\/","name":"La medici\u00f3n del IPCM llega a la comuna 7 -","isPartOf":{"@id":"https:\/\/siciudadania.co\/#website"},"datePublished":"2019-07-25T13:01:01+00:00","dateModified":"2019-07-25T13:01:01+00:00","author":{"@id":"https:\/\/siciudadania.co\/#\/schema\/person\/3e464ad406eaa09a2ebc5177d6015319"},"breadcrumb":{"@id":"https:\/\/siciudadania.co\/%Slug%\/#breadcrumb"},"inLanguage":"es","potentialAction":[{"@type":"ReadAction","target":["https:\/\/siciudadania.co\/%Slug%\/"]}]},{"@type":"BreadcrumbList","@id":"https:\/\/siciudadania.co\/%Slug%\/#breadcrumb","itemListElement":[{"@type":"ListItem","position":1,"name":"Portada","item":"https:\/\/siciudadania.co\/"},{"@type":"ListItem","position":2,"name":"La medici\u00f3n del IPCM llega a la comuna 7"}]},{"@type":"WebSite","@id":"https:\/\/siciudadania.co\/#website","url":"https:\/\/siciudadania.co\/","name":"","description":"","potentialAction":[{"@type":"SearchAction","target":{"@type":"EntryPoint","urlTemplate":"https:\/\/siciudadania.co\/?s={search_term_string}"},"query-input":"required name=search_term_string"}],"inLanguage":"es"},{"@type":"Person","@id":"https:\/\/siciudadania.co\/#\/schema\/person\/3e464ad406eaa09a2ebc5177d6015319","name":"admin_siciudadania","image":{"@type":"ImageObject","inLanguage":"es","@id":"https:\/\/siciudadania.co\/#\/schema\/person\/image\/","url":"https:\/\/secure.gravatar.com\/avatar\/c4e8e447469c7360494445e3c2a19234a533e992b29d775da96fa20efe7d6e9f?s=96&d=mm&r=g","contentUrl":"https:\/\/secure.gravatar.com\/avatar\/c4e8e447469c7360494445e3c2a19234a533e992b29d775da96fa20efe7d6e9f?s=96&d=mm&r=g","caption":"admin_siciudadania"},"sameAs":["https:\/\/siciudadania.co"],"url":"https:\/\/siciudadania.co\/author\/admin_siciudadania\/"}]}},"_links":{"self":[{"href":"https:\/\/siciudadania.co\/wp-json\/wp\/v2\/posts\/152","targetHints":{"allow":["GET"]}}],"collection":[{"href":"https:\/\/siciudadania.co\/wp-json\/wp\/v2\/posts"}],"about":[{"href":"https:\/\/siciudadania.co\/wp-json\/wp\/v2\/types\/post"}],"author":[{"embeddable":true,"href":"https:\/\/siciudadania.co\/wp-json\/wp\/v2\/users\/1"}],"replies":[{"embeddable":true,"href":"https:\/\/siciudadania.co\/wp-json\/wp\/v2\/comments?post=152"}],"version-history":[{"count":0,"href":"https:\/\/siciudadania.co\/wp-json\/wp\/v2\/posts\/152\/revisions"}],"wp:featuredmedia":[{"embeddable":true,"href":"https:\/\/siciudadania.co\/wp-json\/wp\/v2\/media\/151"}],"wp:attachment":[{"href":"https:\/\/siciudadania.co\/wp-json\/wp\/v2\/media?parent=152"}],"wp:term":[{"taxonomy":"category","embeddable":true,"href":"https:\/\/siciudadania.co\/wp-json\/wp\/v2\/categories?post=152"},{"taxonomy":"post_tag","embeddable":true,"href":"https:\/\/siciudadania.co\/wp-json\/wp\/v2\/tags?post=152"}],"curies":[{"name":"wp","href":"https:\/\/api.w.org\/{rel}","templated":true}]}}