{"id":131,"date":"2018-10-24T20:49:54","date_gmt":"2018-10-24T20:49:54","guid":{"rendered":"https:\/\/testudearroba.udea.edu.co\/siciudadania2\/index.php\/2018\/10\/24\/organizacione-sociales\/"},"modified":"2018-10-24T20:49:54","modified_gmt":"2018-10-24T20:49:54","slug":"organizacione-sociales","status":"publish","type":"post","link":"https:\/\/siciudadania.co\/%Slug%\/","title":{"rendered":"Las organizaciones sociales y colectivos se reconocen como potenciadores de la efectividad de la participaci\u00f3n y con incidencia, es decir, es m\u00e1s efectiva la participaci\u00f3n que se ejerce desde las organizaciones que la que se ejerce desde los individuos. \u00bf"},"content":{"rendered":"<div class=\"bg_debate_pregunta_03\">\n<h2>Las organizaciones sociales y colectivos se reconocen como potenciadores de la efectividad de la participaci\u00f3n y con incidencia, es decir, es m\u00e1s efectiva la participaci\u00f3n que se ejerce desde las organizaciones que la que se ejerce desde los individuos. \u00bfPor qu\u00e9? \u00bfCu\u00e1l es el reto? \u00bfC\u00f3mo lo superamos?<\/h2>\n<\/p><\/div>\n","protected":false},"excerpt":{"rendered":"<p>Las organizaciones sociales y colectivos se reconocen como potenciadores de la efectividad de la participaci\u00f3n y con incidencia, es decir, es m\u00e1s efectiva la participaci\u00f3n que se ejerce desde las organizaciones que la que se ejerce desde los individuos. \u00bfPor qu\u00e9? \u00bfCu\u00e1l es el reto? \u00bfC\u00f3mo lo superamos?<\/p>\n","protected":false},"author":1,"featured_media":0,"comment_status":"open","ping_status":"open","sticky":false,"template":"","format":"standard","meta":{"footnotes":""},"categories":[8],"tags":[],"class_list":["post-131","post","type-post","status-publish","format-standard","hentry","category-retos"],"yoast_head":"<!-- This site is optimized with the Yoast SEO plugin v21.5 - https:\/\/yoast.com\/wordpress\/plugins\/seo\/ -->\n<title>Las organizaciones sociales y colectivos se reconocen como potenciadores de la efectividad de la participaci\u00f3n y con incidencia, es decir, es m\u00e1s efectiva la participaci\u00f3n que se ejerce desde las organizaciones que la que se ejerce desde los individuos. \u00bf -<\/title>\n<meta name=\"robots\" content=\"index, follow, max-snippet:-1, max-image-preview:large, max-video-preview:-1\" \/>\n<link rel=\"canonical\" href=\"https:\/\/siciudadania.co\/%Slug%\/\" \/>\n<meta property=\"og:locale\" content=\"es_ES\" \/>\n<meta property=\"og:type\" content=\"article\" \/>\n<meta property=\"og:title\" content=\"Las organizaciones sociales y colectivos se reconocen como potenciadores de la efectividad de la participaci\u00f3n y con incidencia, es decir, es m\u00e1s efectiva la participaci\u00f3n que se ejerce desde las organizaciones que la que se ejerce desde los individuos. \u00bf -\" \/>\n<meta property=\"og:description\" content=\"Las organizaciones sociales y colectivos se reconocen como potenciadores de la efectividad de la participaci\u00f3n y con incidencia, es decir, es m\u00e1s efectiva la participaci\u00f3n que se ejerce desde las organizaciones que la que se ejerce desde los individuos. \u00bfPor qu\u00e9? \u00bfCu\u00e1l es el reto? \u00bfC\u00f3mo lo superamos?\" \/>\n<meta property=\"og:url\" content=\"https:\/\/siciudadania.co\/%Slug%\/\" \/>\n<meta property=\"article:published_time\" content=\"2018-10-24T20:49:54+00:00\" \/>\n<meta name=\"author\" content=\"admin_siciudadania\" \/>\n<meta name=\"twitter:card\" content=\"summary_large_image\" \/>\n<meta name=\"twitter:label1\" content=\"Escrito por\" \/>\n\t<meta name=\"twitter:data1\" content=\"admin_siciudadania\" \/>\n<script type=\"application\/ld+json\" class=\"yoast-schema-graph\">{\"@context\":\"https:\/\/schema.org\",\"@graph\":[{\"@type\":\"WebPage\",\"@id\":\"https:\/\/siciudadania.co\/%Slug%\/\",\"url\":\"https:\/\/siciudadania.co\/%Slug%\/\",\"name\":\"Las organizaciones sociales y colectivos se reconocen como potenciadores de la efectividad de la participaci\u00f3n y con incidencia, es decir, es m\u00e1s efectiva la participaci\u00f3n que se ejerce desde las organizaciones que la que se ejerce desde los individuos. \u00bf -\",\"isPartOf\":{\"@id\":\"https:\/\/siciudadania.co\/#website\"},\"datePublished\":\"2018-10-24T20:49:54+00:00\",\"dateModified\":\"2018-10-24T20:49:54+00:00\",\"author\":{\"@id\":\"https:\/\/siciudadania.co\/#\/schema\/person\/3e464ad406eaa09a2ebc5177d6015319\"},\"breadcrumb\":{\"@id\":\"https:\/\/siciudadania.co\/%Slug%\/#breadcrumb\"},\"inLanguage\":\"es\",\"potentialAction\":[{\"@type\":\"ReadAction\",\"target\":[\"https:\/\/siciudadania.co\/%Slug%\/\"]}]},{\"@type\":\"BreadcrumbList\",\"@id\":\"https:\/\/siciudadania.co\/%Slug%\/#breadcrumb\",\"itemListElement\":[{\"@type\":\"ListItem\",\"position\":1,\"name\":\"Portada\",\"item\":\"https:\/\/siciudadania.co\/\"},{\"@type\":\"ListItem\",\"position\":2,\"name\":\"Las organizaciones sociales y colectivos se reconocen como potenciadores de la efectividad de la participaci\u00f3n y con incidencia, es decir, es m\u00e1s efectiva la participaci\u00f3n que se ejerce desde las organizaciones que la que se ejerce desde los individuos. \u00bf\"}]},{\"@type\":\"WebSite\",\"@id\":\"https:\/\/siciudadania.co\/#website\",\"url\":\"https:\/\/siciudadania.co\/\",\"name\":\"\",\"description\":\"\",\"potentialAction\":[{\"@type\":\"SearchAction\",\"target\":{\"@type\":\"EntryPoint\",\"urlTemplate\":\"https:\/\/siciudadania.co\/?s={search_term_string}\"},\"query-input\":\"required name=search_term_string\"}],\"inLanguage\":\"es\"},{\"@type\":\"Person\",\"@id\":\"https:\/\/siciudadania.co\/#\/schema\/person\/3e464ad406eaa09a2ebc5177d6015319\",\"name\":\"admin_siciudadania\",\"image\":{\"@type\":\"ImageObject\",\"inLanguage\":\"es\",\"@id\":\"https:\/\/siciudadania.co\/#\/schema\/person\/image\/\",\"url\":\"https:\/\/secure.gravatar.com\/avatar\/c4e8e447469c7360494445e3c2a19234a533e992b29d775da96fa20efe7d6e9f?s=96&d=mm&r=g\",\"contentUrl\":\"https:\/\/secure.gravatar.com\/avatar\/c4e8e447469c7360494445e3c2a19234a533e992b29d775da96fa20efe7d6e9f?s=96&d=mm&r=g\",\"caption\":\"admin_siciudadania\"},\"sameAs\":[\"https:\/\/siciudadania.co\"],\"url\":\"https:\/\/siciudadania.co\/author\/admin_siciudadania\/\"}]}<\/script>\n<!-- \/ Yoast SEO plugin. -->","yoast_head_json":{"title":"Las organizaciones sociales y colectivos se reconocen como potenciadores de la efectividad de la participaci\u00f3n y con incidencia, es decir, es m\u00e1s efectiva la participaci\u00f3n que se ejerce desde las organizaciones que la que se ejerce desde los individuos. \u00bf -","robots":{"index":"index","follow":"follow","max-snippet":"max-snippet:-1","max-image-preview":"max-image-preview:large","max-video-preview":"max-video-preview:-1"},"canonical":"https:\/\/siciudadania.co\/%Slug%\/","og_locale":"es_ES","og_type":"article","og_title":"Las organizaciones sociales y colectivos se reconocen como potenciadores de la efectividad de la participaci\u00f3n y con incidencia, es decir, es m\u00e1s efectiva la participaci\u00f3n que se ejerce desde las organizaciones que la que se ejerce desde los individuos. \u00bf -","og_description":"Las organizaciones sociales y colectivos se reconocen como potenciadores de la efectividad de la participaci\u00f3n y con incidencia, es decir, es m\u00e1s efectiva la participaci\u00f3n que se ejerce desde las organizaciones que la que se ejerce desde los individuos. \u00bfPor qu\u00e9? \u00bfCu\u00e1l es el reto? \u00bfC\u00f3mo lo superamos?","og_url":"https:\/\/siciudadania.co\/%Slug%\/","article_published_time":"2018-10-24T20:49:54+00:00","author":"admin_siciudadania","twitter_card":"summary_large_image","twitter_misc":{"Escrito por":"admin_siciudadania"},"schema":{"@context":"https:\/\/schema.org","@graph":[{"@type":"WebPage","@id":"https:\/\/siciudadania.co\/%Slug%\/","url":"https:\/\/siciudadania.co\/%Slug%\/","name":"Las organizaciones sociales y colectivos se reconocen como potenciadores de la efectividad de la participaci\u00f3n y con incidencia, es decir, es m\u00e1s efectiva la participaci\u00f3n que se ejerce desde las organizaciones que la que se ejerce desde los individuos. \u00bf -","isPartOf":{"@id":"https:\/\/siciudadania.co\/#website"},"datePublished":"2018-10-24T20:49:54+00:00","dateModified":"2018-10-24T20:49:54+00:00","author":{"@id":"https:\/\/siciudadania.co\/#\/schema\/person\/3e464ad406eaa09a2ebc5177d6015319"},"breadcrumb":{"@id":"https:\/\/siciudadania.co\/%Slug%\/#breadcrumb"},"inLanguage":"es","potentialAction":[{"@type":"ReadAction","target":["https:\/\/siciudadania.co\/%Slug%\/"]}]},{"@type":"BreadcrumbList","@id":"https:\/\/siciudadania.co\/%Slug%\/#breadcrumb","itemListElement":[{"@type":"ListItem","position":1,"name":"Portada","item":"https:\/\/siciudadania.co\/"},{"@type":"ListItem","position":2,"name":"Las organizaciones sociales y colectivos se reconocen como potenciadores de la efectividad de la participaci\u00f3n y con incidencia, es decir, es m\u00e1s efectiva la participaci\u00f3n que se ejerce desde las organizaciones que la que se ejerce desde los individuos. \u00bf"}]},{"@type":"WebSite","@id":"https:\/\/siciudadania.co\/#website","url":"https:\/\/siciudadania.co\/","name":"","description":"","potentialAction":[{"@type":"SearchAction","target":{"@type":"EntryPoint","urlTemplate":"https:\/\/siciudadania.co\/?s={search_term_string}"},"query-input":"required name=search_term_string"}],"inLanguage":"es"},{"@type":"Person","@id":"https:\/\/siciudadania.co\/#\/schema\/person\/3e464ad406eaa09a2ebc5177d6015319","name":"admin_siciudadania","image":{"@type":"ImageObject","inLanguage":"es","@id":"https:\/\/siciudadania.co\/#\/schema\/person\/image\/","url":"https:\/\/secure.gravatar.com\/avatar\/c4e8e447469c7360494445e3c2a19234a533e992b29d775da96fa20efe7d6e9f?s=96&d=mm&r=g","contentUrl":"https:\/\/secure.gravatar.com\/avatar\/c4e8e447469c7360494445e3c2a19234a533e992b29d775da96fa20efe7d6e9f?s=96&d=mm&r=g","caption":"admin_siciudadania"},"sameAs":["https:\/\/siciudadania.co"],"url":"https:\/\/siciudadania.co\/author\/admin_siciudadania\/"}]}},"_links":{"self":[{"href":"https:\/\/siciudadania.co\/wp-json\/wp\/v2\/posts\/131","targetHints":{"allow":["GET"]}}],"collection":[{"href":"https:\/\/siciudadania.co\/wp-json\/wp\/v2\/posts"}],"about":[{"href":"https:\/\/siciudadania.co\/wp-json\/wp\/v2\/types\/post"}],"author":[{"embeddable":true,"href":"https:\/\/siciudadania.co\/wp-json\/wp\/v2\/users\/1"}],"replies":[{"embeddable":true,"href":"https:\/\/siciudadania.co\/wp-json\/wp\/v2\/comments?post=131"}],"version-history":[{"count":0,"href":"https:\/\/siciudadania.co\/wp-json\/wp\/v2\/posts\/131\/revisions"}],"wp:attachment":[{"href":"https:\/\/siciudadania.co\/wp-json\/wp\/v2\/media?parent=131"}],"wp:term":[{"taxonomy":"category","embeddable":true,"href":"https:\/\/siciudadania.co\/wp-json\/wp\/v2\/categories?post=131"},{"taxonomy":"post_tag","embeddable":true,"href":"https:\/\/siciudadania.co\/wp-json\/wp\/v2\/tags?post=131"}],"curies":[{"name":"wp","href":"https:\/\/api.w.org\/{rel}","templated":true}]}}