{"id":1162,"date":"2020-12-17T18:56:42","date_gmt":"2020-12-17T18:56:42","guid":{"rendered":"https:\/\/testudearroba.udea.edu.co\/siciudadania2\/?p=1162"},"modified":"2020-12-17T20:07:35","modified_gmt":"2020-12-17T20:07:35","slug":"el-indice-de-participacion-ciudadana-de-medellin-ipcm-es-valorado-como-innovacion-social","status":"publish","type":"post","link":"https:\/\/siciudadania.co\/%Slug%\/","title":{"rendered":"El \u00cdndice de Participaci\u00f3n Ciudadana de Medell\u00edn IPCM es valorado como innovaci\u00f3n social"},"content":{"rendered":"\n<ul class=\"wp-block-list\"><li><em>Medell\u00edn se destaca por disponer de una iniciativa de apropiaci\u00f3n social y de sostenibilidad econ\u00f3mica, novedosa, pertinente y escalable en materia de participaci\u00f3n ciudadana.<\/em><\/li><li><em>As\u00ed lo determin\u00f3 la Unidad de Innovaci\u00f3n del Programa Gesti\u00f3n Tecnol\u00f3gica de la Universidad de Antioquia que valor\u00f3 este proceso de ciudad como una innovaci\u00f3n social en etapa funcional.<\/em><\/li><\/ul>\n\n\n\n<p>Las organizaciones sociales, los agentes gubernamentales y acad\u00e9micos comprometidos con la calidad de la participaci\u00f3n ciudadana en Medell\u00edn cierran el 2020 con buenas noticias al recibir el concepto de la Unidad de Innovaci\u00f3n del Programa Gesti\u00f3n Tecnol\u00f3gica de la Universidad de Antioquia que valora el \u00edndice de Participaci\u00f3n Ciudadana de Medell\u00edn, IPCM, como una innovaci\u00f3n social con un grado de madurez en etapa funcional.<\/p>\n\n\n\n<p>Esto representa que la iniciativa integra diferentes actores, trabaja colaborativamente, es novedosa y pertinente socialmente y, adem\u00e1s, puede ser escalable. La calificaci\u00f3n se emite al determinar que el IPCM identifica una problem\u00e1tica, reconoce la capacidad institucional para aportar a la soluci\u00f3n e integra aliados potenciales en la ciudad; plantea retos en pro de la mejora de la calidad de la participaci\u00f3n de Medell\u00edn; construye indicadores y evidencia una mejora en cuanto a la calidad de la participaci\u00f3n en la ciudad.<\/p>\n\n\n\n<p>Este reconocimiento es un logro para la iniciativa que naci\u00f3 cinco a\u00f1os como un proyecto de investigaci\u00f3n desarrollado por el Instituto de Estudios Regionales (INER) y el Departamento de Sociolog\u00eda de la Facultad de Ciencias Sociales y Humanas de la Universidad de Antioquia para la Secretar\u00eda de Participaci\u00f3n Ciudadana de la Alcald\u00eda de Medell\u00edn, y que permiti\u00f3 desarrollar las primeras dos mediciones en 2017 y 2019, consolid\u00e1ndose en un proceso que hoy es referente para la toma de decisiones de pol\u00edtica p\u00fablica en la ciudad.<\/p>\n\n\n\n<p>Seg\u00fan el profesor de la Universidad de Antioquia, Alejandro Pimienta, l\u00edder acad\u00e9mico del IPCM, la iniciativa pas\u00f3 de ser un producto de investigaci\u00f3n a convertirse en una plataforma de coproducci\u00f3n de conocimiento sobre la participaci\u00f3n ciudadana, proceso en el cual ha sido clave la gobernanza ciudadana, representada por la Alianza SiCiudadan\u00eda en la que participan, adem\u00e1s de la Alcald\u00eda y la Universidad de Antioquia, la Corporaci\u00f3n Viva la Ciudadan\u00eda, la Federaci\u00f3n Antioque\u00f1a de ONG -FAONG, la Corporaci\u00f3n Conciudadan\u00eda y el Consejo Municipal de Participaci\u00f3n Ciudadana de Medell\u00edn, entidades comprometidas con la construcci\u00f3n de lo p\u00fablico en la ciudad y el fortalecimiento de la democracia.<\/p>\n\n\n\n<p class=\"has-medium-font-size\"><strong>Carta <\/strong><\/p>\n\n\n<div class=\"real3dflipbook\" id=\"0_69edc91e8d56c\" style=\"position:absolute;\"><\/div>\n\n\n\n<p><\/p>\n","protected":false},"excerpt":{"rendered":"<p>Medell\u00edn se destaca por disponer de una iniciativa de apropiaci\u00f3n social y de sostenibilidad econ\u00f3mica, novedosa, pertinente y escalable en materia de participaci\u00f3n ciudadana. As\u00ed lo determin\u00f3 la Unidad de Innovaci\u00f3n del Programa Gesti\u00f3n Tecnol\u00f3gica de la Universidad de Antioquia que valor\u00f3 este proceso de ciudad como una innovaci\u00f3n social en etapa funcional. Las organizaciones &hellip; <\/p>\n","protected":false},"author":1,"featured_media":1187,"comment_status":"open","ping_status":"open","sticky":false,"template":"","format":"standard","meta":{"footnotes":""},"categories":[1],"tags":[],"class_list":["post-1162","post","type-post","status-publish","format-standard","has-post-thumbnail","hentry","category-sin-categoria"],"yoast_head":"<!-- This site is optimized with the Yoast SEO plugin v21.5 - https:\/\/yoast.com\/wordpress\/plugins\/seo\/ -->\n<title>El \u00cdndice de Participaci\u00f3n Ciudadana de Medell\u00edn IPCM es valorado como innovaci\u00f3n social -<\/title>\n<meta name=\"robots\" content=\"index, follow, max-snippet:-1, max-image-preview:large, max-video-preview:-1\" \/>\n<link rel=\"canonical\" href=\"https:\/\/siciudadania.co\/%Slug%\/\" \/>\n<meta property=\"og:locale\" content=\"es_ES\" \/>\n<meta property=\"og:type\" content=\"article\" \/>\n<meta property=\"og:title\" content=\"El \u00cdndice de Participaci\u00f3n Ciudadana de Medell\u00edn IPCM es valorado como innovaci\u00f3n social -\" \/>\n<meta property=\"og:description\" content=\"Medell\u00edn se destaca por disponer de una iniciativa de apropiaci\u00f3n social y de sostenibilidad econ\u00f3mica, novedosa, pertinente y escalable en materia de participaci\u00f3n ciudadana. As\u00ed lo determin\u00f3 la Unidad de Innovaci\u00f3n del Programa Gesti\u00f3n Tecnol\u00f3gica de la Universidad de Antioquia que valor\u00f3 este proceso de ciudad como una innovaci\u00f3n social en etapa funcional. Las organizaciones &hellip;\" \/>\n<meta property=\"og:url\" content=\"https:\/\/siciudadania.co\/%Slug%\/\" \/>\n<meta property=\"article:published_time\" content=\"2020-12-17T18:56:42+00:00\" \/>\n<meta property=\"article:modified_time\" content=\"2020-12-17T20:07:35+00:00\" \/>\n<meta property=\"og:image\" content=\"https:\/\/siciudadania.co\/wp-content\/uploads\/2020\/12\/IPCM-innovacion.jpg\" \/>\n\t<meta property=\"og:image:width\" content=\"1200\" \/>\n\t<meta property=\"og:image:height\" content=\"1200\" \/>\n\t<meta property=\"og:image:type\" content=\"image\/jpeg\" \/>\n<meta name=\"author\" content=\"admin_siciudadania\" \/>\n<meta name=\"twitter:card\" content=\"summary_large_image\" \/>\n<meta name=\"twitter:label1\" content=\"Escrito por\" \/>\n\t<meta name=\"twitter:data1\" content=\"admin_siciudadania\" \/>\n\t<meta name=\"twitter:label2\" content=\"Tiempo de lectura\" \/>\n\t<meta name=\"twitter:data2\" content=\"2 minutos\" \/>\n<script type=\"application\/ld+json\" class=\"yoast-schema-graph\">{\"@context\":\"https:\/\/schema.org\",\"@graph\":[{\"@type\":\"WebPage\",\"@id\":\"https:\/\/siciudadania.co\/%Slug%\/\",\"url\":\"https:\/\/siciudadania.co\/%Slug%\/\",\"name\":\"El \u00cdndice de Participaci\u00f3n Ciudadana de Medell\u00edn IPCM es valorado como innovaci\u00f3n social -\",\"isPartOf\":{\"@id\":\"https:\/\/siciudadania.co\/#website\"},\"datePublished\":\"2020-12-17T18:56:42+00:00\",\"dateModified\":\"2020-12-17T20:07:35+00:00\",\"author\":{\"@id\":\"https:\/\/siciudadania.co\/#\/schema\/person\/3e464ad406eaa09a2ebc5177d6015319\"},\"breadcrumb\":{\"@id\":\"https:\/\/siciudadania.co\/%Slug%\/#breadcrumb\"},\"inLanguage\":\"es\",\"potentialAction\":[{\"@type\":\"ReadAction\",\"target\":[\"https:\/\/siciudadania.co\/%Slug%\/\"]}]},{\"@type\":\"BreadcrumbList\",\"@id\":\"https:\/\/siciudadania.co\/%Slug%\/#breadcrumb\",\"itemListElement\":[{\"@type\":\"ListItem\",\"position\":1,\"name\":\"Portada\",\"item\":\"https:\/\/siciudadania.co\/\"},{\"@type\":\"ListItem\",\"position\":2,\"name\":\"El \u00cdndice de Participaci\u00f3n Ciudadana de Medell\u00edn IPCM es valorado como innovaci\u00f3n social\"}]},{\"@type\":\"WebSite\",\"@id\":\"https:\/\/siciudadania.co\/#website\",\"url\":\"https:\/\/siciudadania.co\/\",\"name\":\"\",\"description\":\"\",\"potentialAction\":[{\"@type\":\"SearchAction\",\"target\":{\"@type\":\"EntryPoint\",\"urlTemplate\":\"https:\/\/siciudadania.co\/?s={search_term_string}\"},\"query-input\":\"required name=search_term_string\"}],\"inLanguage\":\"es\"},{\"@type\":\"Person\",\"@id\":\"https:\/\/siciudadania.co\/#\/schema\/person\/3e464ad406eaa09a2ebc5177d6015319\",\"name\":\"admin_siciudadania\",\"image\":{\"@type\":\"ImageObject\",\"inLanguage\":\"es\",\"@id\":\"https:\/\/siciudadania.co\/#\/schema\/person\/image\/\",\"url\":\"https:\/\/secure.gravatar.com\/avatar\/c4e8e447469c7360494445e3c2a19234a533e992b29d775da96fa20efe7d6e9f?s=96&d=mm&r=g\",\"contentUrl\":\"https:\/\/secure.gravatar.com\/avatar\/c4e8e447469c7360494445e3c2a19234a533e992b29d775da96fa20efe7d6e9f?s=96&d=mm&r=g\",\"caption\":\"admin_siciudadania\"},\"sameAs\":[\"https:\/\/siciudadania.co\"],\"url\":\"https:\/\/siciudadania.co\/author\/admin_siciudadania\/\"}]}<\/script>\n<!-- \/ Yoast SEO plugin. -->","yoast_head_json":{"title":"El \u00cdndice de Participaci\u00f3n Ciudadana de Medell\u00edn IPCM es valorado como innovaci\u00f3n social -","robots":{"index":"index","follow":"follow","max-snippet":"max-snippet:-1","max-image-preview":"max-image-preview:large","max-video-preview":"max-video-preview:-1"},"canonical":"https:\/\/siciudadania.co\/%Slug%\/","og_locale":"es_ES","og_type":"article","og_title":"El \u00cdndice de Participaci\u00f3n Ciudadana de Medell\u00edn IPCM es valorado como innovaci\u00f3n social -","og_description":"Medell\u00edn se destaca por disponer de una iniciativa de apropiaci\u00f3n social y de sostenibilidad econ\u00f3mica, novedosa, pertinente y escalable en materia de participaci\u00f3n ciudadana. As\u00ed lo determin\u00f3 la Unidad de Innovaci\u00f3n del Programa Gesti\u00f3n Tecnol\u00f3gica de la Universidad de Antioquia que valor\u00f3 este proceso de ciudad como una innovaci\u00f3n social en etapa funcional. Las organizaciones &hellip;","og_url":"https:\/\/siciudadania.co\/%Slug%\/","article_published_time":"2020-12-17T18:56:42+00:00","article_modified_time":"2020-12-17T20:07:35+00:00","og_image":[{"width":1200,"height":1200,"url":"https:\/\/siciudadania.co\/wp-content\/uploads\/2020\/12\/IPCM-innovacion.jpg","type":"image\/jpeg"}],"author":"admin_siciudadania","twitter_card":"summary_large_image","twitter_misc":{"Escrito por":"admin_siciudadania","Tiempo de lectura":"2 minutos"},"schema":{"@context":"https:\/\/schema.org","@graph":[{"@type":"WebPage","@id":"https:\/\/siciudadania.co\/%Slug%\/","url":"https:\/\/siciudadania.co\/%Slug%\/","name":"El \u00cdndice de Participaci\u00f3n Ciudadana de Medell\u00edn IPCM es valorado como innovaci\u00f3n social -","isPartOf":{"@id":"https:\/\/siciudadania.co\/#website"},"datePublished":"2020-12-17T18:56:42+00:00","dateModified":"2020-12-17T20:07:35+00:00","author":{"@id":"https:\/\/siciudadania.co\/#\/schema\/person\/3e464ad406eaa09a2ebc5177d6015319"},"breadcrumb":{"@id":"https:\/\/siciudadania.co\/%Slug%\/#breadcrumb"},"inLanguage":"es","potentialAction":[{"@type":"ReadAction","target":["https:\/\/siciudadania.co\/%Slug%\/"]}]},{"@type":"BreadcrumbList","@id":"https:\/\/siciudadania.co\/%Slug%\/#breadcrumb","itemListElement":[{"@type":"ListItem","position":1,"name":"Portada","item":"https:\/\/siciudadania.co\/"},{"@type":"ListItem","position":2,"name":"El \u00cdndice de Participaci\u00f3n Ciudadana de Medell\u00edn IPCM es valorado como innovaci\u00f3n social"}]},{"@type":"WebSite","@id":"https:\/\/siciudadania.co\/#website","url":"https:\/\/siciudadania.co\/","name":"","description":"","potentialAction":[{"@type":"SearchAction","target":{"@type":"EntryPoint","urlTemplate":"https:\/\/siciudadania.co\/?s={search_term_string}"},"query-input":"required name=search_term_string"}],"inLanguage":"es"},{"@type":"Person","@id":"https:\/\/siciudadania.co\/#\/schema\/person\/3e464ad406eaa09a2ebc5177d6015319","name":"admin_siciudadania","image":{"@type":"ImageObject","inLanguage":"es","@id":"https:\/\/siciudadania.co\/#\/schema\/person\/image\/","url":"https:\/\/secure.gravatar.com\/avatar\/c4e8e447469c7360494445e3c2a19234a533e992b29d775da96fa20efe7d6e9f?s=96&d=mm&r=g","contentUrl":"https:\/\/secure.gravatar.com\/avatar\/c4e8e447469c7360494445e3c2a19234a533e992b29d775da96fa20efe7d6e9f?s=96&d=mm&r=g","caption":"admin_siciudadania"},"sameAs":["https:\/\/siciudadania.co"],"url":"https:\/\/siciudadania.co\/author\/admin_siciudadania\/"}]}},"_links":{"self":[{"href":"https:\/\/siciudadania.co\/wp-json\/wp\/v2\/posts\/1162","targetHints":{"allow":["GET"]}}],"collection":[{"href":"https:\/\/siciudadania.co\/wp-json\/wp\/v2\/posts"}],"about":[{"href":"https:\/\/siciudadania.co\/wp-json\/wp\/v2\/types\/post"}],"author":[{"embeddable":true,"href":"https:\/\/siciudadania.co\/wp-json\/wp\/v2\/users\/1"}],"replies":[{"embeddable":true,"href":"https:\/\/siciudadania.co\/wp-json\/wp\/v2\/comments?post=1162"}],"version-history":[{"count":3,"href":"https:\/\/siciudadania.co\/wp-json\/wp\/v2\/posts\/1162\/revisions"}],"predecessor-version":[{"id":1613,"href":"https:\/\/siciudadania.co\/wp-json\/wp\/v2\/posts\/1162\/revisions\/1613"}],"wp:featuredmedia":[{"embeddable":true,"href":"https:\/\/siciudadania.co\/wp-json\/wp\/v2\/media\/1187"}],"wp:attachment":[{"href":"https:\/\/siciudadania.co\/wp-json\/wp\/v2\/media?parent=1162"}],"wp:term":[{"taxonomy":"category","embeddable":true,"href":"https:\/\/siciudadania.co\/wp-json\/wp\/v2\/categories?post=1162"},{"taxonomy":"post_tag","embeddable":true,"href":"https:\/\/siciudadania.co\/wp-json\/wp\/v2\/tags?post=1162"}],"curies":[{"name":"wp","href":"https:\/\/api.w.org\/{rel}","templated":true}]}}